{"id":9896,"date":"2020-01-10T14:51:03","date_gmt":"2020-01-10T13:51:03","guid":{"rendered":"https:\/\/www.cti-commission.fr\/?p=9896"},"modified":"2020-06-29T11:51:12","modified_gmt":"2020-06-29T09:51:12","slug":"seance-pleniere-du-12-novembre-2019","status":"publish","type":"post","link":"https:\/\/www.cti-commission.fr\/en\/seance-pleniere-du-12-novembre-2019","title":{"rendered":"S\u00e9ance pl\u00e9ni\u00e8re du 12 novembre 2019"},"content":{"rendered":"\n<h2 class=\"wp-block-heading\">1 \/ AVIS ET D\u00c9CISIONS CONCERNANT LES DEMANDES D\u2019ACCR\u00c9DITATION :<\/h2>\n\n\n\n<h3 class=\"wp-block-heading\">ECOLE SUP\u00c9RIEURE D\u2019ING\u00c9NIEURS DE RECHERCHE EN MAT\u00c9RIAUX (ESIREM)<\/h3>\n\n\n\n<h4 class=\"wp-block-heading\">Avis favorable de la Commission des titres d\u2019ing\u00e9nieur pour la premi\u00e8re accr\u00e9ditation de l\u2019\u00e9cole, concernant une nouvelle formation sur un nouveau site, pour d\u00e9livrer le titre d\u2019ing\u00e9nieur dipl\u00f4m\u00e9 suivant :<\/h4>\n\n\n\n<p><strong>Ing\u00e9nieur dipl\u00f4m\u00e9 de l\u2019Ecole sup\u00e9rieure d&#8217;ing\u00e9nieurs de recherche en mat\u00e9riaux de l&#8217;Universit\u00e9 de Bourgogne, sp\u00e9cialit\u00e9 Robotique<\/strong><br>en formation initiale sous statut d\u2019\u00e9tudiant et en formation initiale sous statut d\u2019apprenti sur le site du Creusot (nouveau site)<\/p>\n\n\n\n<table class=\"wp-block-table\"><tbody><tr><td>\u00c0 compter de la rentr\u00e9e universitaire<\/td><td>Jusqu&#8217;\u00e0 la fin de l&#8217;ann\u00e9e universitaire<\/td><td>Accr\u00e9ditation<\/td><\/tr><tr><td>2020<\/td><td>2022<\/td><td>restreinte<\/td><\/tr><\/tbody><\/table>\n\n\n\n<h4 class=\"wp-block-heading\"> <a href=\"https:\/\/www.cti-commission.fr\/wp-content\/uploads\/2020\/01\/esirem_dijon_avis_20191101.pdf\">AVIS N\u00b0 2019\/11-01<\/a> <\/h4>\n\n\n\n<h3 class=\"wp-block-heading\">INSTITUT SUPERIEUR D\u2019ETUDES LOGISTIQUES DE L\u2019UNIVERSITE DU HAVRE (ISEL)<\/h3>\n\n\n\n<h4 class=\"wp-block-heading\">Avis favorable de la Commission des titres d\u2019ing\u00e9nieur pour la premi\u00e8re accr\u00e9ditation de l\u2019\u00e9cole, concernant une nouvelle formation sur le site de l\u2019\u00e9cole et sur un nouveau site, pour d\u00e9livrer le titre d\u2019ing\u00e9nieur dipl\u00f4m\u00e9 suivant :<\/h4>\n\n\n\n<p><strong>Ing\u00e9nieur de l\u2019Institut sup\u00e9rieur d\u2019\u00e9tudes logistiques de l\u2019Universit\u00e9 du Havre, sp\u00e9cialit\u00e9 G\u00e9nie industriel, en partenariat avec l\u2019ITII Normandie<\/strong><br>en formation initiale sous statut d\u2019apprenti<br>sur le site du Havre et sur le site de Vernon (nouveau site)<\/p>\n\n\n\n<table class=\"wp-block-table\"><tbody><tr><td>\u00c0 compter de la rentr\u00e9e universitaire<\/td><td>Jusqu&#8217;\u00e0 la fin de l&#8217;ann\u00e9e universitaire<\/td><td>Accr\u00e9ditation <\/td><\/tr><tr><td>2020<\/td><td>2020-2021<\/td><td>restreinte<\/td><\/tr><\/tbody><\/table>\n\n\n\n<h4 class=\"wp-block-heading\">Avis favorable de la Commission des titres d\u2019ing\u00e9nieur pour l\u2019extension de l\u2019accr\u00e9ditation de l\u2019\u00e9cole \u00e0 une nouvelle voie de formation pour d\u00e9livrer le titre d\u2019ing\u00e9nieur dipl\u00f4m\u00e9 suivant :<\/h4>\n\n\n\n<p><strong>Ing\u00e9nieur de l\u2019Institut sup\u00e9rieur d\u2019\u00e9tudes logistiques de l\u2019Universit\u00e9 du Havre<\/strong><br>en formation initiale sous statut d\u2019apprenti sur les deux derni\u00e8res ann\u00e9es de la formation<br>sur le site du Havre<\/p>\n\n\n\n<table class=\"wp-block-table\"><tbody><tr><td>\u00c0 compter de la rentr\u00e9e universitaire<\/td><td>Jusqu&#8217;\u00e0 la fin de l&#8217;ann\u00e9e universitaire<\/td><td>Accr\u00e9ditation <\/td><\/tr><tr><td>2020<\/td><td>2020-2021<\/td><td>restreinte<\/td><\/tr><\/tbody><\/table>\n\n\n\n<h4 class=\"wp-block-heading\"><a href=\"https:\/\/www.cti-commission.fr\/wp-content\/uploads\/2020\/01\/isel_rouen_avis_20191102.pdf\">AVIS N\u00b02019\/11-02<\/a> <\/h4>\n\n\n\n<h3 class=\"wp-block-heading\">ECOLE NATIONALE SUPERIEURE DU PETROLE ET DES MOTEURS (ENSPM)<\/h3>\n\n\n\n<h4 class=\"wp-block-heading\">Avis favorable de la Commission des titres d\u2019ing\u00e9nieur pour le renouvellement de l\u2019accr\u00e9ditation de l\u2019\u00e9cole pour d\u00e9livrer les titres d\u2019ing\u00e9nieur dipl\u00f4m\u00e9 suivant :<\/h4>\n\n\n\n<p><strong>Ing\u00e9nieur sp\u00e9cialis\u00e9 en G\u00e9osciences et ing\u00e9nierie de r\u00e9servoir, dipl\u00f4m\u00e9 de l&#8217;Ecole nationale sup\u00e9rieure du p\u00e9trole et des moteurs<\/strong><br>en formation initiale sous statut d\u2019apprenti<\/p>\n\n\n\n<p><strong>Ing\u00e9nieur sp\u00e9cialis\u00e9 en Economie et management du p\u00e9trole, du gaz et de l&#8217;\u00e9nergie, dipl\u00f4m\u00e9 de l&#8217;Ecole nationale sup\u00e9rieure du p\u00e9trole et des moteurs<\/strong><br>en formation initiale sous statut d\u2019apprenti<\/p>\n\n\n\n<table class=\"wp-block-table\"><tbody><tr><td>\n  \u00c0 compter de la\n  rentr\u00e9e universitaire\n  <\/td><td>\n  Jusqu&#8217;\u00e0 la fin\n  de l&#8217;ann\u00e9e universitaire\n  <\/td><td>\n  Accr\u00e9ditation\n  <\/td><\/tr><tr><td>\n  2019\n  <\/td><td>\n  2019-2020\n  <\/td><td>\n  restreinte\n  <\/td><\/tr><\/tbody><\/table>\n\n\n\n<h4 class=\"wp-block-heading\"><a href=\"https:\/\/www.cti-commission.fr\/wp-content\/uploads\/2020\/01\/enspm_versailles_compavis_20191129.pdf\">AVIS N\u00b02019\/10-03<\/a><\/h4>\n\n\n\n<h3 class=\"wp-block-heading\">ECOLE SUP\u00c9RIEURE D\u2019INGENIEURS DE RENNES DE L\u2019UNIVERSIT\u00c9 RENNES-1 (ESIR)<\/h3>\n\n\n\n<h4 class=\"wp-block-heading\">Avis favorable de la Commission des titres d\u2019ing\u00e9nieur pour l\u2019extension de l\u2019accr\u00e9ditation de l\u2019\u00e9cole, \u00e0 une nouvelle voie de formation, pour d\u00e9livrer le titre d\u2019ing\u00e9nieur dipl\u00f4m\u00e9 suivant :<\/h4>\n\n\n\n<p><strong>Ing\u00e9nieur dipl\u00f4m\u00e9 de l&#8217;Ecole sup\u00e9rieure d\u2019ing\u00e9nieurs de Rennes de l\u2019Universit\u00e9 de Rennes-I, sp\u00e9cialit\u00e9 Technologies de l\u2019information en partenariat avec l\u2019ITII Bretagne<\/strong><br>en formation initiale sous statut d\u2019apprenti<\/p>\n\n\n\n<table class=\"wp-block-table\"><tbody><tr><td>\u00c0 compter de la rentr\u00e9e universitaire<\/td><td>Jusqu&#8217;\u00e0 la fin de l&#8217;ann\u00e9e universitaire<\/td><td>Accr\u00e9ditation <\/td><\/tr><tr><td>2020<\/td><td>2020-2021<\/td><td>Restreinte<\/td><\/tr><\/tbody><\/table>\n\n\n\n<p><em>Sous r\u00e9serve de la transmission de la convention finalis\u00e9e avec l\u2019ITII Bretagne. <\/em><\/p>\n\n\n\n<h4 class=\"wp-block-heading\"><a href=\"https:\/\/www.cti-commission.fr\/wp-content\/uploads\/2020\/01\/esir_rennes_avis_20191104.pdf\">D\u00c9CISION N\u00b02019\/11-04<\/a><\/h4>\n\n\n\n<h3 class=\"wp-block-heading\">INSTITUT SUPERIEUR DE L\u2019AERONAUTIQUE ET DE L\u2019ESPACE (ISAE)<\/h3>\n\n\n\n<h4 class=\"wp-block-heading\">Avis favorable de la Commission des titres d\u2019ing\u00e9nieur pour le renouvellement de l\u2019accr\u00e9ditation de l\u2019\u00e9cole pour d\u00e9livrer le titre d\u2019ing\u00e9nieur dipl\u00f4m\u00e9 suivant :<\/h4>\n\n\n\n<p><strong>Ing\u00e9nieur dipl\u00f4m\u00e9 de l\u2019Institut sup\u00e9rieur d\u2019a\u00e9ronautique et de l\u2019espace<\/strong><br>en formation initiale sous statut d\u2019\u00e9tudiant<\/p>\n\n\n\n<table class=\"wp-block-table\"><tbody><tr><td>\u00c0 compter de la rentr\u00e9e universitaire<\/td><td>Jusqu&#8217;\u00e0 la fin de l&#8217;ann\u00e9e universitaire<\/td><td>Accr\u00e9ditation <\/td><\/tr><tr><td>2020<\/td><td>2022-2023<\/td><td>restreinte <\/td><\/tr><\/tbody><\/table>\n\n\n\n<h4 class=\"wp-block-heading\">Avis favorable de la Commission des titres d\u2019ing\u00e9nieur pour la premi\u00e8re accr\u00e9ditation de l\u2019\u00e9cole pour d\u00e9livrer le titre d\u2019ing\u00e9nieur dipl\u00f4m\u00e9 suivant :<\/h4>\n\n\n\n<p><strong>Ing\u00e9nieur dipl\u00f4m\u00e9 de l&#8217;Institut sup\u00e9rieur d\u2019a\u00e9ronautique et de l\u2019espace, sp\u00e9cialit\u00e9 G\u00e9nie industriel<\/strong><br>en formation initiale sous statut d\u2019apprenti<\/p>\n\n\n\n<table class=\"wp-block-table\"><tbody><tr><td>\u00c0 compter de la rentr\u00e9e universitaire<\/td><td>Jusqu&#8217;\u00e0 la fin de l&#8217;ann\u00e9e universitaire<\/td><td>Accr\u00e9ditation <\/td><\/tr><tr><td>2020<\/td><td>2022-2023<\/td><td>restreinte<\/td><\/tr><\/tbody><\/table>\n\n\n\n<p><em>Sous r\u00e9serve de la transmission de la convention finalis\u00e9e avec le CFA et de son annexe financi\u00e8re. <\/em><\/p>\n\n\n\n<h4 class=\"wp-block-heading\"><a href=\"https:\/\/www.cti-commission.fr\/wp-content\/uploads\/2020\/06\/isae_toulouse_avis_20191105.pdf\">AVIS N\u00b02019\/11-05<\/a><\/h4>\n\n\n\n<h3 class=\"wp-block-heading\">INSTITUT NATIONAL DES SCIENCES APPLIQU\u00c9ES CENTRE VAL DE LOIRE (INSA CENTRE VAL DE LOIRE)<\/h3>\n\n\n\n<h4 class=\"wp-block-heading\">Avis favorable de la Commission des titres d\u2019ing\u00e9nieur pour la premi\u00e8re accr\u00e9ditation de l\u2019\u00e9cole pour d\u00e9livrer le titre d\u2019ing\u00e9nieur dipl\u00f4m\u00e9 suivant :<\/h4>\n\n\n\n<p><strong>Ing\u00e9nieur dipl\u00f4m\u00e9 de l\u2019Institut national des sciences appliqu\u00e9es Centre Val de Loire, sp\u00e9cialit\u00e9 S\u00e9curit\u00e9 informatique<\/strong><br>en formation initiale sous statut d\u2019apprenti<br>sur le site de Bourges<\/p>\n\n\n\n<table class=\"wp-block-table\"><tbody><tr><td>\n  \u00c0 compter de la\n  rentr\u00e9e universitaire\n  <\/td><td>\n  Jusqu&#8217;\u00e0 la fin\n  de l&#8217;ann\u00e9e universitaire\n  <\/td><td>\n  Accr\u00e9ditation\n  <\/td><\/tr><tr><td>\n  2020\n  <\/td><td>\n  2021-2022\n  <\/td><td>\n  Restreinte\n  <\/td><\/tr><\/tbody><\/table>\n\n\n\n<h4 class=\"wp-block-heading\"><a href=\"https:\/\/www.cti-commission.fr\/wp-content\/uploads\/2020\/01\/insacvl_orleanstours_avis_20191217.pdf\">AVIS N\u00b02019\/11-06<\/a><\/h4>\n\n\n\n<h2 class=\"wp-block-heading\">2 \/ PRISES D\u2019ACTES DANS LE SUIVI G\u00c9N\u00c9RAL DES ACCR\u00c9DITATIONS :<\/h2>\n\n\n\n<h3 class=\"wp-block-heading\">ECOLE NATIONALE SUPERIEURE DES INDUSTRIES CHIMIQUES DE L&#8217;UNIVERSITE DE LORRAINE (ENSIC)<\/h3>\n\n\n\n<p>La Commission prend acte favorablement du changement d&#8217;intitul\u00e9 du dipl\u00f4me suivant : Ing\u00e9nieur dipl\u00f4m\u00e9 de l&#8217;Ecole nationale sup\u00e9rieure des industries chimiques de l&#8217;Universit\u00e9 de Lorraine, sp\u00e9cialit\u00e9 G\u00e9nie chimique en formation initiale sous statut d\u2019\u00e9tudiant et en formation initiale sous statut d\u2019apprenti, en partenariat avec France chimie.<\/p>\n\n\n\n<h3 class=\"wp-block-heading\">HAUTE ECOLE LEONARD DE VINCI \u2013 BELGIQUE (HELDV)<\/h3>\n\n\n\n<p>La Commission prend acte de la cr\u00e9ation d&#8217;une nouvelle Haute \u00e9cole \u00ab ICHEC-ECAM-ISFC \u00bb suite au &#8220;transfert du type long de la cat\u00e9gorie technique&#8221; de la HELdV au sein du \u00ab Groupe ICHEC-ISC Saint Louis \u2013 ISFSC \u00bb. La nouvelle Haute \u00e9cole \u00ab ICHEC-ECAM-ISFC \u00bb est habilit\u00e9e \u00e0 organiser les cursus de l\u2019ancienne Haute \u00e9cole L\u00e9onard de Vinci \u00e0 partir de l\u2019ann\u00e9e acad\u00e9mique 2019-2020. <\/p>\n","protected":false},"excerpt":{"rendered":"<p>Au cours de la s\u00e9ance pl\u00e9ni\u00e8re qui s\u2019est tenue le 12 novembre 2019 sous la pr\u00e9sidence d\u2019\u00c9lisabeth CR\u00c9PON, la Commission des titres d\u2019ing\u00e9nieur a r\u00e9alis\u00e9 les travaux suivants :<br \/>\n* Adoption du relev\u00e9 de conclusions et des avis relatifs \u00e0 la Commission d&#8217;Octobre 2019,<br \/>\n* Approbation des modifications apport\u00e9es \u00e0 la programmation de la campagne Vague A,<br \/>\n* Pr\u00e9sentation du projet de programmation des missions d&#8217;audits de la campagne Vague B,<br \/>\n* Pr\u00e9sentation de la th\u00e9matique du Handicap dans l&#8217;enseignement sup\u00e9rieur et des travaux du groupe Handicap de la Conf\u00e9rence des grandes \u00e9coles : intervention d&#8217;Annick FITOUSSI et de St\u00e9phanie LEFEVRE, Groupe Handicap de la CGE,<br \/>\n* Pr\u00e9sentation de la th\u00e9matique Sant\u00e9 et S\u00e9curit\u00e9 au travail dans l&#8217;enseignement sup\u00e9rieur : intervention d&#8217;Olivier MACAIRE, Responsable du p\u00f4le DGE au D\u00e9partement Formation de l&#8217;INRS,  et de Lo\u00efc BODIN, Charg\u00e9 de projets \u00e9coles d\u2019ing\u00e9nieurs au D\u00e9partement Formation de l&#8217;INRS,<br \/>\n* Information sur le renouvellement de l&#8217;inscription de la Commission des titres d&#8217;ing\u00e9nieurs au registre EQAR (European Quality Assurance Register).<\/p>\n<p>Puis la Commission a donn\u00e9 les avis et pris les d\u00e9cisions suivantes :<\/p>\n","protected":false},"author":1,"featured_media":0,"comment_status":"closed","ping_status":"open","sticky":false,"template":"","format":"standard","meta":{"_price":"","_stock":"","_tribe_ticket_header":"","_tribe_default_ticket_provider":"","_tribe_ticket_capacity":"0","_ticket_start_date":"","_ticket_end_date":"","_tribe_ticket_show_description":"","_tribe_ticket_show_not_going":false,"_tribe_ticket_use_global_stock":"","_tribe_ticket_global_stock_level":"","_global_stock_mode":"","_global_stock_cap":"","_tribe_rsvp_for_event":"","_tribe_ticket_going_count":"","_tribe_ticket_not_going_count":"","_tribe_tickets_list":"[]","_tribe_ticket_has_attendee_info_fields":false,"footnotes":""},"categories":[19],"tags":[],"class_list":["post-9896","post","type-post","status-publish","format-standard","hentry","category-assemblees-plenieres-releves-de-conclusions-avis-et-decisions-concernant-les-formations"],"translation":{"provider":"WPGlobus","version":"3.0.2","language":"en","enabled_languages":["fr","en"],"languages":{"fr":{"title":true,"content":true,"excerpt":true},"en":{"title":false,"content":false,"excerpt":false}}},"_links":{"self":[{"href":"https:\/\/www.cti-commission.fr\/en\/wp-json\/wp\/v2\/posts\/9896","targetHints":{"allow":["GET"]}}],"collection":[{"href":"https:\/\/www.cti-commission.fr\/en\/wp-json\/wp\/v2\/posts"}],"about":[{"href":"https:\/\/www.cti-commission.fr\/en\/wp-json\/wp\/v2\/types\/post"}],"author":[{"embeddable":true,"href":"https:\/\/www.cti-commission.fr\/en\/wp-json\/wp\/v2\/users\/1"}],"replies":[{"embeddable":true,"href":"https:\/\/www.cti-commission.fr\/en\/wp-json\/wp\/v2\/comments?post=9896"}],"version-history":[{"count":5,"href":"https:\/\/www.cti-commission.fr\/en\/wp-json\/wp\/v2\/posts\/9896\/revisions"}],"predecessor-version":[{"id":10566,"href":"https:\/\/www.cti-commission.fr\/en\/wp-json\/wp\/v2\/posts\/9896\/revisions\/10566"}],"wp:attachment":[{"href":"https:\/\/www.cti-commission.fr\/en\/wp-json\/wp\/v2\/media?parent=9896"}],"wp:term":[{"taxonomy":"category","embeddable":true,"href":"https:\/\/www.cti-commission.fr\/en\/wp-json\/wp\/v2\/categories?post=9896"},{"taxonomy":"post_tag","embeddable":true,"href":"https:\/\/www.cti-commission.fr\/en\/wp-json\/wp\/v2\/tags?post=9896"}],"curies":[{"name":"wp","href":"https:\/\/api.w.org\/{rel}","templated":true}]}}