{"id":989,"date":"2011-04-24T11:21:00","date_gmt":"2011-04-24T09:21:00","guid":{"rendered":"https:\/\/www.cti-commission.fr\/2011\/04\/24\/cooperation-avec-le-canada"},"modified":"2017-10-25T15:26:01","modified_gmt":"2017-10-25T13:26:01","slug":"cooperation-avec-le-canada","status":"publish","type":"post","link":"https:\/\/www.cti-commission.fr\/en\/cooperation-avec-le-canada","title":{"rendered":"Accord CCI CTI du 3 juin 2006 \u00e0 White Horse"},"content":{"rendered":"<p>Cet accord fixe les conditions r\u00e9ciproques pour la pratique professionnelle des ing\u00e9nieurs, en prenant en compte les diff\u00e9rences des 2 syst\u00e8mes acad\u00e9miques et professionnels.<\/p>\n<p>Il fixe les conditions (tr\u00e8s all\u00e9g\u00e9es par rapport \u00e0 la r\u00e8gle commune) d&#8217;inscription des ing\u00e9nieurs dipl\u00f4m\u00e9s fran\u00e7ais \u00e0 l&#8217;Ordre Canadien des Ing\u00e9nieurs.<\/p>\n<p>R\u00e9ciproquement, il fixe les conditions pour que les dipl\u00f4m\u00e9s canadiens, sous contr\u00f4le du BCAPI et du CNISF, puissent b\u00e9n\u00e9ficier des pr\u00e9rogatives des &#8220;ing\u00e9nieurs dipl\u00f4m\u00e9s&#8221; en France.<\/p>\n<p><img loading=\"lazy\" decoding=\"async\" class=\" aligncenter size-full wp-image-988\" src=\"https:\/\/www.cti-commission.fr\/wp-content\/uploads\/2011\/04\/canada.jpg\" alt=\"canada.jpg\" width=\"450\" height=\"335\" align=\"center\" srcset=\"https:\/\/www.cti-commission.fr\/wp-content\/uploads\/2011\/04\/canada.jpg 450w, https:\/\/www.cti-commission.fr\/wp-content\/uploads\/2011\/04\/canada-300x223.jpg 300w\" sizes=\"auto, (max-width: 450px) 85vw, 450px\" \/><\/p>\n<p>T\u00e9l\u00e9chargez ci-dessus le texte de l&#8217;accord.<\/p>\n","protected":false},"excerpt":{"rendered":"<p>La CTI et le CCI (Canadian Council of Engineers) ont sign\u00e9 un accord le 3 juin 2006 \u00e0 White Horse (Canada).<\/p>\n","protected":false},"author":2,"featured_media":0,"comment_status":"closed","ping_status":"open","sticky":false,"template":"","format":"standard","meta":{"_price":"","_stock":"","_tribe_ticket_header":"","_tribe_default_ticket_provider":"","_tribe_ticket_capacity":"0","_ticket_start_date":"","_ticket_end_date":"","_tribe_ticket_show_description":"","_tribe_ticket_show_not_going":false,"_tribe_ticket_use_global_stock":"","_tribe_ticket_global_stock_level":"","_global_stock_mode":"","_global_stock_cap":"","_tribe_rsvp_for_event":"","_tribe_ticket_going_count":"","_tribe_ticket_not_going_count":"","_tribe_tickets_list":"[]","_tribe_ticket_has_attendee_info_fields":false,"footnotes":""},"categories":[14,12,326],"tags":[],"class_list":["post-989","post","type-post","status-publish","format-standard","hentry","category-communications-evenements","category-actualites","category-accord-avec-le-niveau-federal-canadien"],"translation":{"provider":"WPGlobus","version":"3.0.2","language":"en","enabled_languages":["fr","en"],"languages":{"fr":{"title":true,"content":true,"excerpt":true},"en":{"title":false,"content":false,"excerpt":false}}},"_links":{"self":[{"href":"https:\/\/www.cti-commission.fr\/en\/wp-json\/wp\/v2\/posts\/989","targetHints":{"allow":["GET"]}}],"collection":[{"href":"https:\/\/www.cti-commission.fr\/en\/wp-json\/wp\/v2\/posts"}],"about":[{"href":"https:\/\/www.cti-commission.fr\/en\/wp-json\/wp\/v2\/types\/post"}],"author":[{"embeddable":true,"href":"https:\/\/www.cti-commission.fr\/en\/wp-json\/wp\/v2\/users\/2"}],"replies":[{"embeddable":true,"href":"https:\/\/www.cti-commission.fr\/en\/wp-json\/wp\/v2\/comments?post=989"}],"version-history":[{"count":3,"href":"https:\/\/www.cti-commission.fr\/en\/wp-json\/wp\/v2\/posts\/989\/revisions"}],"predecessor-version":[{"id":3856,"href":"https:\/\/www.cti-commission.fr\/en\/wp-json\/wp\/v2\/posts\/989\/revisions\/3856"}],"wp:attachment":[{"href":"https:\/\/www.cti-commission.fr\/en\/wp-json\/wp\/v2\/media?parent=989"}],"wp:term":[{"taxonomy":"category","embeddable":true,"href":"https:\/\/www.cti-commission.fr\/en\/wp-json\/wp\/v2\/categories?post=989"},{"taxonomy":"post_tag","embeddable":true,"href":"https:\/\/www.cti-commission.fr\/en\/wp-json\/wp\/v2\/tags?post=989"}],"curies":[{"name":"wp","href":"https:\/\/api.w.org\/{rel}","templated":true}]}}