{"id":9176,"date":"2019-05-23T09:42:30","date_gmt":"2019-05-23T07:42:30","guid":{"rendered":"https:\/\/www.cti-commission.fr\/?p=9176"},"modified":"2019-11-25T20:43:23","modified_gmt":"2019-11-25T19:43:23","slug":"compte-rendu-du-colloque-annuel-cti-hceres","status":"publish","type":"post","link":"https:\/\/www.cti-commission.fr\/en\/compte-rendu-du-colloque-annuel-cti-hceres","title":{"rendered":"Compte-rendu du\u00a0colloque annuel CTI-Hc\u00e9res"},"content":{"rendered":"\n<p>Le colloque annuel CTI-Hc\u00e9res s\u2019est d\u00e9roul\u00e9 le 16 mai 2019 \u00e0 l\u2019<a href=\"https:\/\/artsetmetiers.fr\/\" target=\"_blank\" rel=\"noreferrer noopener\">ENSAM<\/a>.<\/p>\n\n\n\n<p>Il s&#8217;agissait du deuxi\u00e8me colloque organis\u00e9 par le groupe de travail&nbsp;CTI-Hc\u00e9res \u00e0 Paris depuis la signature de&nbsp;la&nbsp;<strong>convention de coop\u00e9ration<\/strong>entre la CTI et le&nbsp;Hc\u00e9res le 23 septembre 2016.<\/p>\n\n\n\n<p>Cette ann\u00e9e, la th\u00e9matique retenue par le groupe de travail&nbsp;et les agences qu\u2019il repr\u00e9sente \u00e9tait&nbsp;la&nbsp;<strong>personnalisation des parcours<\/strong>. Les&nbsp;intervenants invit\u00e9s venaient d&#8217;un spectre large, car l&#8217;\u00e9v\u00e8nement visait \u00e0&nbsp;recueillir la vision des entreprises ainsi que le ressenti des premiers concern\u00e9s par cette personnalisation, les \u00e9tudiants, par l\u2019interm\u00e9diaire du&nbsp;<a href=\"http:\/\/bnei.fr\/\" target=\"_blank\" rel=\"noreferrer noopener\">BNEI<\/a>.<\/p>\n\n\n\n<p>Ce sont plus de cent&nbsp;personnes qui ont r\u00e9pondu pr\u00e9sent&nbsp;et qui ont&nbsp;adress\u00e9&nbsp;leurs questions, ouvrant ainsi les perspectives sur les th\u00e9matiques \u00e0 aborder lors des prochaines \u00e9ditions&nbsp;: diversification des publics, c\u00e9sure, engagement extracurriculaire, retour d\u2019exp\u00e9rience, \u00e9valuation des comp\u00e9tences, etc.<\/p>\n\n\n\n<p>L\u2019apr\u00e8s-midi \u00e9tait organis\u00e9 en&nbsp;<strong>deux tables rondes<\/strong>&nbsp;:<\/p>\n\n\n\n<ul class=\"wp-block-list\"><li>la premi\u00e8re d\u00e9di\u00e9e \u00e0&nbsp;<strong>la vision des entreprises<\/strong>, avec la pr\u00e9sence de&nbsp;grands groupes (EDF, SAFRAN) et de PME (ORTEC), qui ont&nbsp;des convergences et des diff\u00e9rences, mais qui partagent un&nbsp;m\u00eame souci d\u2019adaptabilit\u00e9 des dipl\u00f4m\u00e9s. \u00c0 noter que la question de la&nbsp;diversification se d\u00e9cline selon les m\u00e9tiers vis\u00e9s et les secteurs d\u2019activit\u00e9. Par ailleurs, l\u2019importance des<em>soft skills<\/em>a \u00e9t\u00e9 rappel\u00e9e, ainsi que la n\u00e9cessit\u00e9 d\u2019accompagner et d&#8217;encourager les&nbsp;\u00e9tudiants \u00e0 d\u00e9couvrir les m\u00e9tiers qui conviennent \u00e0 leur personnalit\u00e9 ;<\/li><li>la seconde d\u00e9di\u00e9e aux&nbsp;<strong>\u00e9coles retenues pour leurs modalit\u00e9s&nbsp;de diversification sp\u00e9cifiques<\/strong>&nbsp;: le&nbsp;CNAM, l&#8217;UTC, l&#8217;EPF, POLYTECH, et l&#8217;INSA Lyon ont pr\u00e9sent\u00e9 leurs options d\u2019interculturalit\u00e9, de coaching des \u00e9tudiants, de modalit\u00e9s&nbsp;d\u2019organisation, et de modalit\u00e9s privil\u00e9gi\u00e9es choisies&nbsp;pour la diversification. &nbsp;&nbsp;<\/li><\/ul>\n\n\n\n<p>L\u2019apr\u00e8s-midi s\u2019est conclu&nbsp;par une synth\u00e8se de Marie-Annick Galland (CTI) et de Jean-Marc Geibb (Hc\u00e9res) autour d&#8217;une question centrale :&nbsp;<strong>comment \u00e9valuer une telle diversit\u00e9&nbsp;?<\/strong><\/p>\n\n\n\n<p>Nul doute que cette journ\u00e9e aura des retentissements au sein de nos \u00e9coles et de nos instances d\u2019\u00e9valuation. Un grand merci \u00e0 l\u2019ENSAM et \u00e0 tous ceux ayant particip\u00e9 \u00e0 l\u2019organisation.<\/p>\n\n\n\n<p><br><\/p>\n","protected":false},"excerpt":{"rendered":"<p>Le colloque annuel CTI-Hc\u00e9res s\u2019est d\u00e9roul\u00e9 le 16 mai 2019 \u00e0 l\u2019ENSAM. Il s&#8217;agissait du deuxi\u00e8me colloque organis\u00e9 par le groupe de travail&nbsp;CTI-Hc\u00e9res \u00e0 Paris depuis la signature de&nbsp;la&nbsp;convention de &hellip; <a href=\"https:\/\/www.cti-commission.fr\/en\/compte-rendu-du-colloque-annuel-cti-hceres\" class=\"more-link\">Continue reading<span class=\"screen-reader-text\"> &#8220;Compte-rendu du\u00a0colloque annuel CTI-Hc\u00e9res&#8221;<\/span><\/a><\/p>\n","protected":false},"author":1,"featured_media":9177,"comment_status":"closed","ping_status":"open","sticky":false,"template":"","format":"standard","meta":{"_price":"","_stock":"","_tribe_ticket_header":"","_tribe_default_ticket_provider":"","_tribe_ticket_capacity":"0","_ticket_start_date":"","_ticket_end_date":"","_tribe_ticket_show_description":"","_tribe_ticket_show_not_going":false,"_tribe_ticket_use_global_stock":"","_tribe_ticket_global_stock_level":"","_global_stock_mode":"","_global_stock_cap":"","_tribe_rsvp_for_event":"","_tribe_ticket_going_count":"","_tribe_ticket_not_going_count":"","_tribe_tickets_list":"[]","_tribe_ticket_has_attendee_info_fields":false,"footnotes":""},"categories":[14,421,1],"tags":[],"class_list":["post-9176","post","type-post","status-publish","format-standard","has-post-thumbnail","hentry","category-communications-evenements","category-evenements-cti","category-non-classe"],"translation":{"provider":"WPGlobus","version":"3.0.2","language":"en","enabled_languages":["fr","en"],"languages":{"fr":{"title":true,"content":true,"excerpt":false},"en":{"title":false,"content":false,"excerpt":false}}},"_links":{"self":[{"href":"https:\/\/www.cti-commission.fr\/en\/wp-json\/wp\/v2\/posts\/9176","targetHints":{"allow":["GET"]}}],"collection":[{"href":"https:\/\/www.cti-commission.fr\/en\/wp-json\/wp\/v2\/posts"}],"about":[{"href":"https:\/\/www.cti-commission.fr\/en\/wp-json\/wp\/v2\/types\/post"}],"author":[{"embeddable":true,"href":"https:\/\/www.cti-commission.fr\/en\/wp-json\/wp\/v2\/users\/1"}],"replies":[{"embeddable":true,"href":"https:\/\/www.cti-commission.fr\/en\/wp-json\/wp\/v2\/comments?post=9176"}],"version-history":[{"count":5,"href":"https:\/\/www.cti-commission.fr\/en\/wp-json\/wp\/v2\/posts\/9176\/revisions"}],"predecessor-version":[{"id":9207,"href":"https:\/\/www.cti-commission.fr\/en\/wp-json\/wp\/v2\/posts\/9176\/revisions\/9207"}],"wp:featuredmedia":[{"embeddable":true,"href":"https:\/\/www.cti-commission.fr\/en\/wp-json\/wp\/v2\/media\/9177"}],"wp:attachment":[{"href":"https:\/\/www.cti-commission.fr\/en\/wp-json\/wp\/v2\/media?parent=9176"}],"wp:term":[{"taxonomy":"category","embeddable":true,"href":"https:\/\/www.cti-commission.fr\/en\/wp-json\/wp\/v2\/categories?post=9176"},{"taxonomy":"post_tag","embeddable":true,"href":"https:\/\/www.cti-commission.fr\/en\/wp-json\/wp\/v2\/tags?post=9176"}],"curies":[{"name":"wp","href":"https:\/\/api.w.org\/{rel}","templated":true}]}}