{"id":7856,"date":"2018-07-20T16:03:42","date_gmt":"2018-07-20T14:03:42","guid":{"rendered":"https:\/\/www.cti-commission.fr\/?p=7856"},"modified":"2019-03-21T11:29:16","modified_gmt":"2019-03-21T10:29:16","slug":"seance-pleniere-des-12-et-13-juin-2018","status":"publish","type":"post","link":"https:\/\/www.cti-commission.fr\/en\/seance-pleniere-des-12-et-13-juin-2018","title":{"rendered":"S\u00e9ance pl\u00e9ni\u00e8re des 12 et 13 juin 2018"},"content":{"rendered":"<h3>1 \/ Avis et d\u00e9cisions concernant les demandes d\u2019accr\u00e9ditation :<\/h3>\n<h4>INSTITUT POLYTECHNIQUE DES SCIENCES AVANC\u00c9ES (IPSA)<\/h4>\n<h5>D\u00c9CISION FAVORABLE DE LA COMMISSION DES TITRES D\u2019ING\u00c9NIEUR<\/h5>\n<h6>Renouvellement de l\u2019accr\u00e9ditation de l\u2019\u00e9cole \u00e0 d\u00e9livrer le titre suivant :<\/h6>\n<p>Ing\u00e9nieur dipl\u00f4m\u00e9 de l&#8217;Institut polytechnique des sciences avanc\u00e9es, en formation initiale sous statut d\u2019\u00e9tudiant<br \/>\n\u00c0 compter de la rentr\u00e9e universitaire 2018<br \/>\nJusqu\u2019\u00e0 la fin de l\u2019ann\u00e9e universitaire 2021-2022<br \/>\nAccr\u00e9ditation restreinte<\/p>\n<p>Le label EUR-ACE Master pourra \u00eatre attribu\u00e9 \u00e0 ce dipl\u00f4me, sur demande de l\u2019\u00e9tablissement, pour la p\u00e9riode de la rentr\u00e9e 2018 \u00e0 la fin de l\u2019ann\u00e9e universitaire 2021-2022.<\/p>\n<h6><span style=\"color: #ff0000;\">D\u00c9CISION N\u00b0 2018\/06-01<\/span><\/h6>\n<p>.<\/p>\n<h4>\u00c9COLE SUPERIEURE D\u2019INFORMATIQUE, ELECTRONIQUE, AUTOMATIQUE (ESIEA)<\/h4>\n<h5>D\u00c9CISION FAVORABLE DE LA COMMISSION DES TITRES D\u2019ING\u00c9NIEUR<\/h5>\n<h6>Renouvellement de l\u2019accr\u00e9ditation de l\u2019\u00e9cole \u00e0 d\u00e9livrer le titre suivant :<\/h6>\n<p>Ing\u00e9nieur dipl\u00f4m\u00e9 de l&#8217;Ecole sup\u00e9rieure d&#8217;informatique, \u00e9lectronique, automatique, en formation initiale sous statut d\u2019\u00e9tudiant et d\u2019apprenti, sur les sites d\u2019Ivry sur Seine et Laval<br \/>\n\u00c0 compter de la rentr\u00e9e universitaire 2018<br \/>\nJusqu\u2019\u00e0 la fin de l\u2019ann\u00e9e universitaire 2022-2023<br \/>\nAccr\u00e9ditation maximale<\/p>\n<p>Le label EUR-ACE Master pourra \u00eatre attribu\u00e9 \u00e0 ce dipl\u00f4me, sur demande de l\u2019\u00e9tablissement, pour la p\u00e9riode de la rentr\u00e9e 2018 \u00e0 la fin de l\u2019ann\u00e9e universitaire 2022-2023.<\/p>\n<p>La Commission prend acte favorablement de la mise en place du double-dipl\u00f4me entre le dipl\u00f4me d\u2019Ing\u00e9nieur de l&#8217;Ecole sup\u00e9rieure d&#8217;informatique, \u00e9lectronique, automatique et le dipl\u00f4me et le dipl\u00f4me Master du Programme Grande Ecole de SKEMA Business School selon les modalit\u00e9s d\u00e9crites dans le dossier de l\u2019ESIEA.<\/p>\n<h6><span style=\"color: #ff0000;\">D\u00c9CISION N\u00b0 2018\/06-02<\/span><\/h6>\n<p>.<\/p>\n<h4>\u00c9COLE CATHOLIQUE D\u2019ARTS ET METIERS DE LA FONDATION ECAM (ECAM)<\/h4>\n<h5>AVIS FAVORABLE DE LA COMMISSION DES TITRES D\u2019ING\u00c9NIEUR<\/h5>\n<h6>Renouvellement de l\u2019accr\u00e9ditation de l\u2019\u00e9cole \u00e0 d\u00e9livrer les titres suivants :<\/h6>\n<p>* Ing\u00e9nieur dipl\u00f4m\u00e9 de l\u2019Ecole catholique d\u2019arts et m\u00e9tiers de la Fondation ECAM, sp\u00e9cialit\u00e9 <strong>Energie<\/strong>, <em><strong>en partenariat avec l\u2019ITII Lyon<\/strong><\/em>, en formation initiale sous statut d\u2019apprenti et en formation continue, sur le site de Lyon<br \/>\n* Ing\u00e9nieur dipl\u00f4m\u00e9 de l\u2019Ecole catholique d\u2019arts et m\u00e9tiers de la Fondation ECAM, sp\u00e9cialit\u00e9 <strong>Bois<\/strong>, en formation initiale sous statut d\u2019apprenti et en formation continue, sur le site de Lyon<br \/>\n\u00c0 compter de la rentr\u00e9e universitaire 2018<br \/>\nJusqu\u2019\u00e0 la fin de l\u2019ann\u00e9e universitaire 2020-2021<br \/>\nAccr\u00e9ditation restreinte<br \/>\nLe label EUR-ACE Master pourra \u00eatre attribu\u00e9 \u00e0 ces dipl\u00f4mes, sur demande de l\u2019\u00e9tablissement, pour la p\u00e9riode de la rentr\u00e9e 2018 \u00e0 la fin de l\u2019ann\u00e9e universitaire 2020-2021.<\/p>\n<p>* Ing\u00e9nieur dipl\u00f4m\u00e9 de l\u2019Ecole catholique d\u2019arts et m\u00e9tiers de la Fondation ECAM, sp\u00e9cialit\u00e9 <strong>M\u00e9canique et G\u00e9nie \u00e9lectrique<\/strong> (<span style=\"color: #3366ff;\">en remplacement de <strong>G\u00e9nie industriel<\/strong><\/span>), en formation initiale sous statut d\u2019\u00e9tudiant, sur le site de Lyon<br \/>\n\u00c0 compter de la rentr\u00e9e universitaire 2018<br \/>\nJusqu\u2019\u00e0 la fin de l\u2019ann\u00e9e universitaire 2020-2021<br \/>\nAccr\u00e9ditation restreinte<br \/>\nLe label EUR-ACE Master pourra \u00eatre attribu\u00e9 \u00e0 ce dipl\u00f4me, sur demande de l\u2019\u00e9tablissement, \u00e0 la diplomation de la premi\u00e8re promotion des \u00e9tudiants.<\/p>\n<p>La Commission prend acte favorablement de la mise en place des doubles-dipl\u00f4mes entre l\u2019Ecole catholique d\u2019arts et m\u00e9tiers de la Fondation ECAM et Politecnico du Torino d\u2019une part, et Staffordshire University d\u2019autre part, concernant la formation dans la sp\u00e9cialit\u00e9 M\u00e9canique et G\u00e9nie \u00e9lectrique.<\/p>\n<h6><span style=\"color: #ff0000;\">D\u00c9CISION N\u00b0 2018\/06-03<\/span><\/h6>\n<p>.<\/p>\n<h4>\u00c9COLE CENTRALE DE LYON (CENTRALE LYON)<\/h4>\n<h5>AVIS FAVORABLE DE LA COMMISSION DES TITRES D\u2019ING\u00c9NIEUR<\/h5>\n<h6>Renouvellement de l\u2019accr\u00e9ditation de l\u2019\u00e9cole \u00e0 d\u00e9livrer le titre suivant :<\/h6>\n<p>Ing\u00e9nieur dipl\u00f4m\u00e9 de l&#8217;Ecole centrale de Lyon dans la sp\u00e9cialit\u00e9 <strong>Energie<\/strong>, <em><strong>en partenariat avec l\u2019ITII de Lyon<\/strong><\/em>, en formation initiale sous statut d\u2019apprenti et en formation continue<br \/>\n\u00c0 compter de la rentr\u00e9e universitaire 2018<br \/>\nJusqu\u2019\u00e0 la fin de l\u2019ann\u00e9e universitaire 2020-2021<br \/>\nAccr\u00e9ditation maximale<\/p>\n<p>Le label EUR-ACE Master pourra \u00eatre attribu\u00e9 \u00e0 ce dipl\u00f4me, sur demande de l\u2019\u00e9tablissement, sur demande de l\u2019\u00e9tablissement, pour la p\u00e9riode de la rentr\u00e9e 2018 \u00e0 la fin de l\u2019ann\u00e9e universitaire 2020-2021.<\/p>\n<h6><span style=\"color: #ff0000;\">AVIS N\u00b0 2018\/06-04<\/span><\/h6>\n<p>.<\/p>\n<h4>CESI (CESI)<\/h4>\n<h5>D\u00c9CISION FAVORABLE DE LA COMMISSION DES TITRES D\u2019ING\u00c9NIEUR<\/h5>\n<h6>Renouvellement ou extension de l\u2019accr\u00e9ditation de l\u2019\u00e9cole \u00e0 d\u00e9livrer les titres suivants :<\/h6>\n<p>* Ing\u00e9nieur dipl\u00f4m\u00e9 du CESI, en formation initiale sous statut d\u2019apprenti, sur les sites : Angoul\u00eame, Arras, Lyon, Nancy, Nice-Sophia, Paris-Nanterre, Pau, Rouen, Saint-Nazaire<br \/>\n* Ing\u00e9nieur dipl\u00f4m\u00e9 du CESI, en formation initiale sous statut d\u2019\u00e9tudiant, sur les sites : Angoul\u00eame, Arras, Bordeaux, Lyon, Nancy, Nice-Sophia, Paris-Nanterre, Rouen, Saint-Nazaire<br \/>\n* Ing\u00e9nieur dipl\u00f4m\u00e9 du CESI, en formation continue, sur les sites : Arras, Bordeaux, Lyon, Nancy, Paris-Nanterre, Rouen, Saint-Nazaire, Toulouse<\/p>\n<p>* Ing\u00e9nieur dipl\u00f4m\u00e9 du CESI, sp\u00e9cialit\u00e9 <strong>B\u00e2timent et travaux publics<\/strong>, en formation initiale sous statut d\u2019apprenti et en formation continue, sur les sites : Angoul\u00eame, Strasbourg<br \/>\n* Ing\u00e9nieur dipl\u00f4m\u00e9 du CESI, sp\u00e9cialit\u00e9 <strong>B\u00e2timent et travaux publics<\/strong>, <em><strong>en partenariat avec l&#8217;ITII Ile-de-France<\/strong><\/em>, en formation initiale sous statut d\u2019apprenti et en formation continue, sur le site de Paris-Nanterre<br \/>\n* Ing\u00e9nieur dipl\u00f4m\u00e9 du CESI, sp\u00e9cialit\u00e9 <strong>B\u00e2timent et travaux publics<\/strong>, <em><strong>en convention avec l\u2019Universit\u00e9 de La Rochelle<\/strong><\/em>, en formation initiale sous statut d\u2019apprenti et en formation continue, sur le site de La Rochelle<br \/>\n* Ing\u00e9nieur dipl\u00f4m\u00e9 du CESI, sp\u00e9cialit\u00e9 <strong>B\u00e2timent et travaux publics<\/strong>, <em><strong>en convention avec le Conservatoire national des arts et m\u00e9tiers<\/strong><\/em>, en formation initiale sous statut d\u2019apprenti et en formation continue, sur le site de Montpellier<\/p>\n<p>* Ing\u00e9nieur dipl\u00f4m\u00e9 du CESI, sp\u00e9cialit\u00e9 <strong>Syst\u00e8mes \u00e9lectriques et \u00e9lectroniques embarqu\u00e9s<\/strong>, <em><strong>en convention avec l&#8217;Universit\u00e9 Toulouse III et en partenariat avec l&#8217;ITII Midi-Pyr\u00e9n\u00e9es<\/strong><\/em>, en formation initiale sous statut d\u2019apprenti et en formation continue, sur le site de Toulouse<\/p>\n<p>* Ing\u00e9nieur dipl\u00f4m\u00e9 du CESI, sp\u00e9cialit\u00e9 <strong>Maintenance<\/strong>, <em><strong>en partenariat avec l&#8217;ITII Ile-de-France<\/strong><\/em>, en formation continue, sur le site de Paris-Nanterre<\/p>\n<p>* Ing\u00e9nieur dipl\u00f4m\u00e9 du CESI, sp\u00e9cialit\u00e9 <strong>G\u00e9nie industriel<\/strong>, <em><strong>en partenariat avec l&#8217;ITII Ile-de-France<\/strong><\/em>, en formation continue, sur le site de Paris-Nanterre<\/p>\n<p>\u00c0 compter de la rentr\u00e9e universitaire 2018<br \/>\nJusqu\u2019\u00e0 la fin de l\u2019ann\u00e9e universitaire 2022-2023<br \/>\nAccr\u00e9ditation maximale<br \/>\nLe label EUR-ACE Master pourra \u00eatre attribu\u00e9 \u00e0 ces dipl\u00f4mes, sur demande de l\u2019\u00e9tablissement, pour la p\u00e9riode de la rentr\u00e9e 2018 \u00e0 la fin de l\u2019ann\u00e9e universitaire 2022-2023.<\/p>\n<p>* Ing\u00e9nieur dipl\u00f4m\u00e9 du CESI, sp\u00e9cialit\u00e9 <strong>Informatique<\/strong>, en formation initiale sous statut d\u2019\u00e9tudiant, sur les sites : Aix-en-Provence, Arras, Bordeaux, La Rochelle, Lyon, Nancy, Nice-Sophia, Orl\u00e9ans, Paris-Nanterre, Pau, Reims, Rouen, Saint-Nazaire, Strasbourg, Toulouse<br \/>\n\u00c0 compter de la rentr\u00e9e universitaire 2018<br \/>\nJusqu\u2019\u00e0 la fin de l\u2019ann\u00e9e universitaire 2020-2021<br \/>\nAccr\u00e9ditation restreinte<\/p>\n<h6>Extension de l\u2019accr\u00e9ditation de l\u2019\u00e9cole \u00e0 d\u00e9livrer les titres suivants :<\/h6>\n<p>* Ing\u00e9nieur dipl\u00f4m\u00e9 du CESI, en formation initiale sous statut d\u2019apprenti, <span style=\"color: #3366ff;\">sur le site du Mans<\/span><br \/>\n* Ing\u00e9nieur dipl\u00f4m\u00e9 du CESI, sp\u00e9cialit\u00e9 <strong>B\u00e2timent et travaux publics<\/strong>, en formation initiale sous statut d\u2019apprenti et en formation continue, <span style=\"color: #3366ff;\">sur le site de Brest<\/span><br \/>\n* Ing\u00e9nieur dipl\u00f4m\u00e9 du CESI, sp\u00e9cialit\u00e9 <strong>Informatique<\/strong>, en formation initiale sous statut d\u2019\u00e9tudiant, <span style=\"color: #3366ff;\">sur le site de Lille<\/span><br \/>\n\u00c0 compter de la rentr\u00e9e universitaire 2018<br \/>\nJusqu\u2019\u00e0 la fin de l\u2019ann\u00e9e universitaire 2020-2021<br \/>\nAccr\u00e9ditation restreinte<\/p>\n<p>* Ing\u00e9nieur dipl\u00f4m\u00e9 du CESI, sp\u00e9cialit\u00e9 <strong>Informatique<\/strong>, en formation initiale sous statut d\u2019\u00e9tudiant, <span style=\"color: #3366ff;\">sur le site de Caen<\/span><br \/>\n\u00c0 compter de la rentr\u00e9e universitaire 2019<br \/>\nJusqu\u2019\u00e0 la fin de l\u2019ann\u00e9e universitaire 2020-2021<br \/>\nAccr\u00e9ditation restreinte<\/p>\n<h5>DEMANDES COMPL\u00c9MENTAIRES DE LA COMMISSION DES TITRES D\u2019ING\u00c9NIEUR<\/h5>\n<p>L\u2019\u00e9cole \u00e9tablira trois rapports interm\u00e9diaires pour le 15 juin 2021 :<br \/>\n* Un rapport concernant les formations sans sp\u00e9cialit\u00e9, portant sur le recrutement, l\u2019employabilit\u00e9, le taux d\u2019\u00e9chec au test d\u2019anglais ainsi que sur l&#8217;\u00e9quilibre entre les sciences de base et sciences humaines juridiques et sociales.<br \/>\n* Un rapport concernant les formations dans la sp\u00e9cialit\u00e9 B\u00e2timent et travaux publics, portant sur la r\u00e9duction du taux d\u2019\u00e9chec li\u00e9 \u00e0 l\u2019anglais, le d\u00e9veloppement des moyens exp\u00e9rimentaux propres ou en conventionnement p\u00e9renne.<br \/>\n* Un rapport concernant la formation sans sp\u00e9cialit\u00e9 ouverte sur le site de Nice-Sophia concernant le recrutement.<\/p>\n<p>L\u2019\u00e9cole fournira \u00e0 la CTI un document de 3 pages sur la formation d\u00e9livr\u00e9e sur 3 ann\u00e9es compl\u00e8tes dans la sp\u00e9cialit\u00e9 Informatique, afin que la CTI v\u00e9rifie sur dossier la conformit\u00e9 et valide l&#8217;attribution du Label EUR-ACE Master.<\/p>\n<h6><span style=\"color: #ff0000;\">D\u00c9CISION N\u00b0 2018\/06-05<\/span><\/h6>\n<p>.<br \/>\n.<\/p>\n<h3>2 \/ Prise d\u2019acte de modifications dans le suivi g\u00e9n\u00e9ral des accr\u00e9ditations :<\/h3>\n<p>.<\/p>\n<h4>\u00c9COLE NATIONALE SUP\u00c9RIEUR D\u2019ING\u00c9NIEURS SUD ALSACE (ENSISA)<\/h4>\n<p>La Commission prend acte favorablement du rapport interm\u00e9diaire remis par l\u2019\u00e9cole.<\/p>\n<h6><span style=\"color: #ff0000;\">COMPL\u00c9MENT D\u2019AVIS N\u00b0 2016\/01-04<\/span><\/h6>\n","protected":false},"excerpt":{"rendered":"<p>Au cours de la s\u00e9ance pl\u00e9ni\u00e8re qui s\u2019est tenue les 12 et 13 juin 2018 au si\u00e8ge de la Commission, 44 rue Cambronne \u00e0 Paris 15\u00e8me, sous la pr\u00e9sidence de Laurent MAHIEU,<br \/>\nla Commission des titres d\u2019ing\u00e9nieur a :<br \/>\n* adopt\u00e9 le relev\u00e9 de conclusions de la s\u00e9ance pl\u00e9ni\u00e8re du 15 mai 2018, ainsi que les avis et d\u00e9cisions correspondants,<br \/>\n* adopt\u00e9 le proc\u00e8s-verbal de la s\u00e9ance pl\u00e9ni\u00e8re des 11 et 12 avril  et 15 mai 2018,<br \/>\n* approuv\u00e9 le projet d\u2019\u00e9volution de crit\u00e8res du r\u00e9f\u00e9rentiel R&#038;O qui seront prises en compte dans l\u2019\u00e9dition R&#038;O 2019,<br \/>\n* approuv\u00e9 une d\u00e9lib\u00e9ration sur la dur\u00e9e d\u2019attribution du label EUR-ACE seul \u00e0 une formation,<br \/>\n* adopt\u00e9 la charte d\u2019utilisation du logo EUR-ACE,<br \/>\n* approuv\u00e9 la proc\u00e9dure d\u2019audit des dossiers all\u00e9g\u00e9s sans visite qui seront men\u00e9s dans 3 \u00e9coles de Montpellier en 2018-2019 (proc\u00e9dure audit de type B\u2019),<br \/>\n* clos la mandature 2016-2018 de la Commission.<\/p>\n<p>Puis la Commission a donn\u00e9 des avis et pris des d\u00e9cisions :<\/p>\n","protected":false},"author":1,"featured_media":0,"comment_status":"closed","ping_status":"open","sticky":false,"template":"","format":"standard","meta":{"_price":"","_stock":"","_tribe_ticket_header":"","_tribe_default_ticket_provider":"","_tribe_ticket_capacity":"0","_ticket_start_date":"","_ticket_end_date":"","_tribe_ticket_show_description":"","_tribe_ticket_show_not_going":false,"_tribe_ticket_use_global_stock":"","_tribe_ticket_global_stock_level":"","_global_stock_mode":"","_global_stock_cap":"","_tribe_rsvp_for_event":"","_tribe_ticket_going_count":"","_tribe_ticket_not_going_count":"","_tribe_tickets_list":"[]","_tribe_ticket_has_attendee_info_fields":false,"footnotes":""},"categories":[19],"tags":[],"class_list":["post-7856","post","type-post","status-publish","format-standard","hentry","category-assemblees-plenieres-releves-de-conclusions-avis-et-decisions-concernant-les-formations"],"translation":{"provider":"WPGlobus","version":"3.0.2","language":"en","enabled_languages":["fr","en"],"languages":{"fr":{"title":true,"content":true,"excerpt":true},"en":{"title":false,"content":false,"excerpt":false}}},"_links":{"self":[{"href":"https:\/\/www.cti-commission.fr\/en\/wp-json\/wp\/v2\/posts\/7856","targetHints":{"allow":["GET"]}}],"collection":[{"href":"https:\/\/www.cti-commission.fr\/en\/wp-json\/wp\/v2\/posts"}],"about":[{"href":"https:\/\/www.cti-commission.fr\/en\/wp-json\/wp\/v2\/types\/post"}],"author":[{"embeddable":true,"href":"https:\/\/www.cti-commission.fr\/en\/wp-json\/wp\/v2\/users\/1"}],"replies":[{"embeddable":true,"href":"https:\/\/www.cti-commission.fr\/en\/wp-json\/wp\/v2\/comments?post=7856"}],"version-history":[{"count":6,"href":"https:\/\/www.cti-commission.fr\/en\/wp-json\/wp\/v2\/posts\/7856\/revisions"}],"predecessor-version":[{"id":8516,"href":"https:\/\/www.cti-commission.fr\/en\/wp-json\/wp\/v2\/posts\/7856\/revisions\/8516"}],"wp:attachment":[{"href":"https:\/\/www.cti-commission.fr\/en\/wp-json\/wp\/v2\/media?parent=7856"}],"wp:term":[{"taxonomy":"category","embeddable":true,"href":"https:\/\/www.cti-commission.fr\/en\/wp-json\/wp\/v2\/categories?post=7856"},{"taxonomy":"post_tag","embeddable":true,"href":"https:\/\/www.cti-commission.fr\/en\/wp-json\/wp\/v2\/tags?post=7856"}],"curies":[{"name":"wp","href":"https:\/\/api.w.org\/{rel}","templated":true}]}}