{"id":7597,"date":"2018-06-22T09:25:27","date_gmt":"2018-06-22T07:25:27","guid":{"rendered":"https:\/\/www.cti-commission.fr\/?p=7597"},"modified":"2018-07-05T11:02:55","modified_gmt":"2018-07-05T09:02:55","slug":"seance-pleniere-du-15-mai-2018","status":"publish","type":"post","link":"https:\/\/www.cti-commission.fr\/en\/seance-pleniere-du-15-mai-2018","title":{"rendered":"S\u00e9ance pl\u00e9ni\u00e8re du 15 mai 2018"},"content":{"rendered":"<h4>1\/ La Commission a donn\u00e9 des avis et pris des d\u00e9cisions concernant les demandes d\u2019accr\u00e9ditation :<\/h4>\n<h5>Ecole nationale sup\u00e9rieure des mines de Paris (ENSMP)<\/h5>\n<p>Etablissement public sous tutelle du minist\u00e8re en charge de l\u2019\u00e9conomie et l\u2019industrie<br \/>\nNom d\u2019usage :\u00a0Mines ParisTech<br \/>\nAcad\u00e9mie :\u00a0Paris<br \/>\nSite de l\u2019\u00e9cole :\u00a0Paris<br \/>\nCalendrier accr\u00e9ditation :\u00a0Vague D<\/p>\n<h6>Avis favorable de la Commission des titres d\u2019ing\u00e9nieur<\/h6>\n<p>Renouvellement de l\u2019accr\u00e9ditation des formations de l\u2019\u00e9cole menant aux titres suivants :<\/p>\n<p>Ing\u00e9nieur dipl\u00f4m\u00e9 de l&#8217;Ecole nationale sup\u00e9rieure des mines de Paris, en formation initiale sous statut d&#8217;\u00e9tudiant<br \/>\n\u00c0 compter de la rentr\u00e9e universitaire 2018<br \/>\nJusqu&#8217;\u00e0 la fin de l&#8217;ann\u00e9e universitaire 2019-2020<br \/>\nAccr\u00e9ditation restreinte<\/p>\n<p>Ing\u00e9nieur dipl\u00f4m\u00e9 de l&#8217;Ecole nationale sup\u00e9rieure des mines de Paris, sp\u00e9cialit\u00e9 <strong>\u00c9nerg\u00e9tique<\/strong>, en convention avec le Conservatoire national des arts et m\u00e9tiers, en partenariat avec l\u2019ISUPFERE, en formation initiale sous statut d&#8217;apprenti<br \/>\n\u00c0 compter de la rentr\u00e9e universitaire 2018<br \/>\nJusqu&#8217;\u00e0 la fin de l&#8217;ann\u00e9e universitaire 2022-2023<br \/>\nAccr\u00e9ditation maximale<\/p>\n<p>Ing\u00e9nieur dipl\u00f4m\u00e9 de l&#8217;Ecole nationale sup\u00e9rieure des mines de Paris, sp\u00e9cialit\u00e9 <strong>\u00c9nerg\u00e9tique<\/strong>, en convention avec le Conservatoire national des arts et m\u00e9tiers, en partenariat avec l\u2019ISUPFERE, en formation continue<br \/>\n\u00c0 compter de la rentr\u00e9e universitaire 2018<br \/>\nJusqu&#8217;\u00e0 la fin de l&#8217;ann\u00e9e universitaire 2022-2023<br \/>\nAccr\u00e9ditation maximale<\/p>\n<p><strong>Demande compl\u00e9mentaire de la Commission :<\/strong> L&#8217;\u00e9cole transmettra \u00e0 la CTI un rapport interm\u00e9diaire attendu pour le 15 mai 2020 relatif au suivi des recommandations formul\u00e9es pour la sp\u00e9cialit\u00e9 Energ\u00e9tique.<\/p>\n<h6><span style=\"color: #ff0000;\">AVIS N\u00b0 2018\/05-01<\/span><\/h6>\n<p>.<\/p>\n<h5>Ecole des ing\u00e9nieurs de la ville de Paris (EIVP)<\/h5>\n<p>\u00c9tablissement public sous tutelle de la ville de Paris<br \/>\nNom d\u2019usage :\u00a0EIVP<br \/>\nAcad\u00e9mie :\u00a0Paris<br \/>\nSite de l\u2019\u00e9cole :\u00a0Paris<br \/>\nCalendrier accr\u00e9ditation :\u00a0Vague D<\/p>\n<h6>Avis favorable de la Commission des titres d\u2019ing\u00e9nieur<\/h6>\n<p>Renouvellement de l\u2019accr\u00e9ditation de la formation de l\u2019\u00e9cole menant au titre suivant :<\/p>\n<p>Ing\u00e9nieur dipl\u00f4m\u00e9 de l&#8217;Ecole des ing\u00e9nieurs de la ville de Paris, sp\u00e9cialit\u00e9 <strong>G\u00e9nie urbain<\/strong>, en formation initiale sous statut d&#8217;\u00e9tudiant<br \/>\n\u00c0 compter de la rentr\u00e9e universitaire 2018<br \/>\nJusqu&#8217;\u00e0 la fin de l&#8217;ann\u00e9e universitaire 2022-2023<br \/>\nAccr\u00e9ditation maximale<\/p>\n<p>Le label EUR-ACE Master pourra \u00eatre attribu\u00e9 \u00e0 ce dipl\u00f4me, sur demande de l\u2019\u00e9tablissement, pour la p\u00e9riode de la rentr\u00e9e 2018 \u00e0 la fin de l\u2019ann\u00e9e universitaire 2022-2023.<\/p>\n<p><strong>Demande compl\u00e9mentaire de la Commission :<\/strong> L&#8217;\u00e9cole transmettra \u00e0 la CTI un rapport interm\u00e9diaire attendu pour le 15 mai 2020 relatif au d\u00e9veloppement des moyens humains et mat\u00e9riels en lien avec la strat\u00e9gie.<\/p>\n<h6><span style=\"color: #ff0000;\">AVIS N\u00b0 2018\/05-02<\/span><\/h6>\n<p>.<\/p>\n<h5>Institut sup\u00e9rieur du b\u00e2timent et des travaux publics (ISBA TP)<\/h5>\n<p><strong>Ecole de sp\u00e9cialisation<\/strong><\/p>\n<p>\u00c9tablissement consulaire sous tutelle de la Chambre de commerce et d\u2019industrie<br \/>\nNom d\u2019usage :\u00a0ISBA TP<br \/>\nAcad\u00e9mie :\u00a0Aix-Marseille<br \/>\nSite de l\u2019\u00e9cole :\u00a0Marseille<br \/>\nCalendrier accr\u00e9ditation :\u00a0Vague C<\/p>\n<h6>D\u00e9cision favorable de la Commission des titres d\u2019ing\u00e9nieur<\/h6>\n<p>Renouvellement de l\u2019accr\u00e9ditation de la formation de l\u2019\u00e9cole menant au titre suivant :<\/p>\n<p>Ing\u00e9nieur <strong>sp\u00e9cialis\u00e9 en G\u00e9nie parasismique<\/strong>, dipl\u00f4m\u00e9 de l&#8217;Institut sup\u00e9rieur du b\u00e2timent et des travaux publics, en formation initiale sous statut d&#8217;\u00e9tudiant<br \/>\n\u00c0 compter de la rentr\u00e9e universitaire 2018<br \/>\nJusqu&#8217;\u00e0 la fin de l&#8217;ann\u00e9e universitaire 2020-2021<br \/>\nAccr\u00e9ditation maximale<\/p>\n<p>Le label EUR-ACE Master pourra \u00eatre attribu\u00e9 \u00e0 ce dipl\u00f4me, sur demande de l\u2019\u00e9tablissement, pour la p\u00e9riode de la rentr\u00e9e 2018 \u00e0 la fin de l\u2019ann\u00e9e universitaire 2020-2021.<\/p>\n<h6><span style=\"color: #ff0000;\">DECISION N\u00b0 2018\/05-03<\/span><\/h6>\n<p>.<\/p>\n<h5>\u00c9cole sup\u00e9rieure de physique et de chimie industrielles de la Ville de Paris (ESPCI)<\/h5>\n<p>\u00c9tablissement public sous tutelle de la ville de Paris<br \/>\nNom d\u2019usage :\u00a0ESPCI Paris<br \/>\nAcad\u00e9mie :\u00a0Paris<br \/>\nSite de l\u2019\u00e9cole :\u00a0Paris<br \/>\nCalendrier accr\u00e9ditation :\u00a0Vague D<\/p>\n<h6>Avis favorable de la Commission des titres d\u2019ing\u00e9nieur<\/h6>\n<p>Renouvellement de l\u2019accr\u00e9ditation de la formation de l\u2019\u00e9cole menant au titre suivant :<\/p>\n<p>Ing\u00e9nieur dipl\u00f4m\u00e9 de l&#8217;Ecole sup\u00e9rieure de physique et de chimie industrielles de la ville de Paris, en formation initiale sous statut d&#8217;\u00e9tudiant<br \/>\n\u00c0 compter de la rentr\u00e9e universitaire 2018<br \/>\nJusqu&#8217;\u00e0 la fin de l&#8217;ann\u00e9e universitaire 2019-2020<br \/>\nAccr\u00e9ditation restreinte<\/p>\n<h6><span style=\"color: #ff0000;\">AVIS N\u00b0 2018\/05-04<\/span><\/h6>\n<p>.<\/p>\n<h5>\u00c9cole nationale sup\u00e9rieure de chimie de Paris (ENSC Paris)<\/h5>\n<p>Etablissement public sous tutelle du minist\u00e8re en charge de l\u2019enseignement sup\u00e9rieur<br \/>\nNom d\u2019usage :\u00a0Chimie ParisTech<br \/>\nAcad\u00e9mie :\u00a0Paris<br \/>\nSite de l\u2019\u00e9cole :\u00a0Paris<br \/>\nCalendrier accr\u00e9ditation :\u00a0Vague D<\/p>\n<h6>Avis favorable de la Commission des titres d\u2019ing\u00e9nieur<\/h6>\n<p>Renouvellement de l\u2019accr\u00e9ditation de la formation de l\u2019\u00e9cole menant au titre suivant :<\/p>\n<p>Ing\u00e9nieur dipl\u00f4m\u00e9 de l&#8217;Ecole nationale sup\u00e9rieure de chimie de Paris, en formation initiale sous statut d&#8217;\u00e9tudiant<br \/>\n\u00c0 compter de la rentr\u00e9e universitaire 2018<br \/>\nJusqu&#8217;\u00e0 la fin de l&#8217;ann\u00e9e universitaire 2022-2023<br \/>\nAccr\u00e9ditation maximale<\/p>\n<p><strong>Demandes compl\u00e9mentaires de la Commission :<\/strong><br \/>\n* La Commission prononce deux injonctions relatives au r\u00e8glement des \u00e9tudes (semestrialisation, validation, international, stage, formation continue) et \u00e0 la VAE.<br \/>\nL\u2019\u00e9cole fournira un plan d\u2019actions attendu pour le 15 d\u00e9cembre 2018 pour r\u00e9pondre \u00e0 ces injonctions.<br \/>\n* L\u2019\u00e9cole \u00e9tablira un rapport interm\u00e9diaire attendu pour le 15 mai 2020 relatif au suivi de l\u2019injonction et des recommandations formul\u00e9es.<\/p>\n<h6>Avis favorable de la Commission des titres d\u2019ing\u00e9nieur<\/h6>\n<p>Extension de l\u2019accr\u00e9ditation de la formation de l\u2019\u00e9cole \u00e0 une nouvelle voie menant au titre suivant :<\/p>\n<p>Ing\u00e9nieur dipl\u00f4m\u00e9 de l&#8217;Ecole nationale sup\u00e9rieure de chimie de Paris, en formation continue<br \/>\n\u00c0 compter de la rentr\u00e9e universitaire 2018<br \/>\nJusqu&#8217;\u00e0 la fin de l&#8217;ann\u00e9e universitaire 2022-2023<br \/>\nAccr\u00e9ditation maximale<\/p>\n<p>Le label EUR-ACE Master pourra \u00eatre attribu\u00e9 \u00e0 ce dipl\u00f4me, sur demande de l\u2019\u00e9tablissement, pour la p\u00e9riode de la rentr\u00e9e 2018 \u00e0 la fin de l\u2019ann\u00e9e universitaire 2022-2023.<\/p>\n<h6><span style=\"color: #ff0000;\">AVIS N\u00b0 2018\/05-05<\/span><\/h6>\n<h4>.<\/h4>\n<h4>2\/ La Commission a pris acte de modifications dans le suivi g\u00e9n\u00e9ral des habilitations<\/h4>\n<h5>Universit\u00e9 de Marne-la-Vall\u00e9e (UPEM)<\/h5>\n<h6>Prise d\u2019acte de la Commission des titres d\u2019ing\u00e9nieur<\/h6>\n<p>\u00c0 partir du 22 mars 2018, cr\u00e9ation, au sein de l&#8217;universit\u00e9 de Marne-la-Vall\u00e9e, d\u2019un institut interne d\u00e9nomm\u00e9 : \u00ab Ecole sup\u00e9rieure d&#8217;ing\u00e9nieurs de Paris-Est (ESIPE) \u00bb. Les titres d\u2019ing\u00e9nieur accr\u00e9dit\u00e9s de l&#8217;Universit\u00e9 de Marne-la-Vall\u00e9e prennent le nom de \u00ab Ing\u00e9nieur dipl\u00f4m\u00e9 de l\u2019Ecole sup\u00e9rieure d&#8217;ing\u00e9nieurs de Paris-Est de de l&#8217;Universit\u00e9 de Marne-la-Vall\u00e9e \u00bb<\/p>\n<h5>Universit\u00e9 de Marne-la-Vall\u00e9e (Univ MLV)<br \/>\nEcole sup\u00e9rieure d&#8217;ing\u00e9nieurs de Paris-Est (ESIPE MLV)<\/h5>\n<p>Ecole interne d\u2019un \u00e9tablissement public sous tutelle du minist\u00e8re en charge de l\u2019enseignement sup\u00e9rieur<br \/>\nNom d\u2019usage :\u00a0ESIPE MLV<br \/>\nAcad\u00e9mie :\u00a0Cr\u00e9teil<br \/>\nSite de l\u2019\u00e9cole :\u00a0Marne-la-Vall\u00e9e<\/p>\n","protected":false},"excerpt":{"rendered":"<p>Au cours de la s\u00e9ance pl\u00e9ni\u00e8re qui s\u2019est tenue le 15 mai 2018 au si\u00e8ge de la Commission, 44 rue Cambronne \u00e0 Paris 15\u00e8me, sous la pr\u00e9sidence de Laurent MAHIEU, la Commission des titres d\u2019ing\u00e9nieur a :<br \/>\n* adopt\u00e9 le relev\u00e9 de conclusions de la s\u00e9ance pl\u00e9ni\u00e8re des 10 et 11 avril 2018, ainsi que les avis et d\u00e9cisions correspondants,<br \/>\n* donn\u00e9 un avis favorable concernant la liste des \u00e9coles demandant l\u2019autorisation \u00e0 organiser les jurys particuliers de l\u2019examen IDPE,<br \/>\n* adopt\u00e9 le calendrier de pr\u00e9paration de la campagne d\u2019accr\u00e9ditation de la campagne 2019-2020 et notamment le planning de traitement des lettres d\u2019intention \u00e0 recevoir des \u00e9coles souhaitant soumettre un dossier \u00e0 la Commission,<br \/>\n* fait un point d\u2019\u00e9tape sur la pr\u00e9paration du dossier d\u2019auto\u00e9valuation pour l\u2019audit ENQA,<br \/>\n* d\u00e9fini les besoins des domaines d\u2019expertise dans le cadre du renouvellement de la liste des experts aupr\u00e8s de la CTI,<br \/>\n* fait un point sur plan de formation des membres de la CTI.<\/p>\n","protected":false},"author":1,"featured_media":0,"comment_status":"closed","ping_status":"open","sticky":false,"template":"","format":"standard","meta":{"_price":"","_stock":"","_tribe_ticket_header":"","_tribe_default_ticket_provider":"","_tribe_ticket_capacity":"0","_ticket_start_date":"","_ticket_end_date":"","_tribe_ticket_show_description":"","_tribe_ticket_show_not_going":false,"_tribe_ticket_use_global_stock":"","_tribe_ticket_global_stock_level":"","_global_stock_mode":"","_global_stock_cap":"","_tribe_rsvp_for_event":"","_tribe_ticket_going_count":"","_tribe_ticket_not_going_count":"","_tribe_tickets_list":"[]","_tribe_ticket_has_attendee_info_fields":false,"footnotes":""},"categories":[19,1],"tags":[],"class_list":["post-7597","post","type-post","status-publish","format-standard","hentry","category-assemblees-plenieres-releves-de-conclusions-avis-et-decisions-concernant-les-formations","category-non-classe"],"translation":{"provider":"WPGlobus","version":"3.0.2","language":"en","enabled_languages":["fr","en"],"languages":{"fr":{"title":true,"content":true,"excerpt":true},"en":{"title":false,"content":false,"excerpt":false}}},"_links":{"self":[{"href":"https:\/\/www.cti-commission.fr\/en\/wp-json\/wp\/v2\/posts\/7597","targetHints":{"allow":["GET"]}}],"collection":[{"href":"https:\/\/www.cti-commission.fr\/en\/wp-json\/wp\/v2\/posts"}],"about":[{"href":"https:\/\/www.cti-commission.fr\/en\/wp-json\/wp\/v2\/types\/post"}],"author":[{"embeddable":true,"href":"https:\/\/www.cti-commission.fr\/en\/wp-json\/wp\/v2\/users\/1"}],"replies":[{"embeddable":true,"href":"https:\/\/www.cti-commission.fr\/en\/wp-json\/wp\/v2\/comments?post=7597"}],"version-history":[{"count":7,"href":"https:\/\/www.cti-commission.fr\/en\/wp-json\/wp\/v2\/posts\/7597\/revisions"}],"predecessor-version":[{"id":7636,"href":"https:\/\/www.cti-commission.fr\/en\/wp-json\/wp\/v2\/posts\/7597\/revisions\/7636"}],"wp:attachment":[{"href":"https:\/\/www.cti-commission.fr\/en\/wp-json\/wp\/v2\/media?parent=7597"}],"wp:term":[{"taxonomy":"category","embeddable":true,"href":"https:\/\/www.cti-commission.fr\/en\/wp-json\/wp\/v2\/categories?post=7597"},{"taxonomy":"post_tag","embeddable":true,"href":"https:\/\/www.cti-commission.fr\/en\/wp-json\/wp\/v2\/tags?post=7597"}],"curies":[{"name":"wp","href":"https:\/\/api.w.org\/{rel}","templated":true}]}}