{"id":663,"date":"2008-01-10T11:15:00","date_gmt":"2008-01-10T10:15:00","guid":{"rendered":"https:\/\/www.cti-commission.fr\/2008\/01\/10\/seance-pleniere-des-8-et-9-janvier"},"modified":"2008-01-10T11:15:00","modified_gmt":"2008-01-10T10:15:00","slug":"seance-pleniere-des-8-et-9-janvier","status":"publish","type":"post","link":"https:\/\/www.cti-commission.fr\/en\/seance-pleniere-des-8-et-9-janvier","title":{"rendered":"S\u00e9ance pl\u00e9ni\u00e8re des 8 et 9 janvier 2008"},"content":{"rendered":"<p>Lors de la r\u00e9union, la Commission a en particulier<br \/>\n<br \/>&nbsp;accueilli une d\u00e9l\u00e9gation libanaise venue prendre connaissance des m\u00e9thodes de travail de la CTI<br \/>\n<br \/>&nbsp;adopt\u00e9, apr\u00e8s modifications, le compte rendu de la s\u00e9ance pl\u00e9ni\u00e8re du 4 d\u00e9cembre 2007<br \/>\n<br \/>&nbsp;entendu une communication du Pr\u00e9sident relative au report au 21 mars prochain de l\u2019examen par ENQA de l\u2019\u00e9valuation externe de la CTI<br \/>\n<br \/>&nbsp;fait le point sur l\u2019organisation du colloque du 5 f\u00e9vrier 2008, \u00e0 Clermont-Ferrand.<br \/>\n<br \/>&nbsp;entendu Monsieur G\u00e9rard DUWAT pr\u00e9senter les r\u00e9sultats de la 18\u00e8me enqu\u00eate socio-\u00e9conomique conduite par le CNISF aupr\u00e8s des ing\u00e9nieurs dipl\u00f4m\u00e9s<br \/>\n<br \/>&nbsp;pris connaissance de l\u2019enqu\u00eate socio-\u00e9conomique sp\u00e9cifique aux ing\u00e9nieurs chimistes publi\u00e9e par l\u2019UNAFIC<br \/>\n<br \/>&nbsp;a donn\u00e9 des avis et pris des d\u00e9cisions:<\/p>\n<p>Le compte-rendu complet peut \u00eatre t\u00e9l\u00e9charg\u00e9.<\/p>\n","protected":false},"excerpt":{"rendered":"<p>La s\u00e9ance pl\u00e9ni\u00e8re des 8 et 9 janvier 2008 s\u2019est tenue \u00e0 Neuilly-sur-Seine.<\/p>\n","protected":false},"author":2,"featured_media":0,"comment_status":"closed","ping_status":"open","sticky":false,"template":"","format":"standard","meta":{"_price":"","_stock":"","_tribe_ticket_header":"","_tribe_default_ticket_provider":"","_tribe_ticket_capacity":"0","_ticket_start_date":"","_ticket_end_date":"","_tribe_ticket_show_description":"","_tribe_ticket_show_not_going":false,"_tribe_ticket_use_global_stock":"","_tribe_ticket_global_stock_level":"","_global_stock_mode":"","_global_stock_cap":"","_tribe_rsvp_for_event":"","_tribe_ticket_going_count":"","_tribe_ticket_not_going_count":"","_tribe_tickets_list":"[]","_tribe_ticket_has_attendee_info_fields":false,"footnotes":""},"categories":[19],"tags":[],"class_list":["post-663","post","type-post","status-publish","format-standard","hentry","category-assemblees-plenieres-releves-de-conclusions-avis-et-decisions-concernant-les-formations"],"translation":{"provider":"WPGlobus","version":"3.0.2","language":"en","enabled_languages":["fr","en"],"languages":{"fr":{"title":true,"content":true,"excerpt":true},"en":{"title":false,"content":false,"excerpt":false}}},"_links":{"self":[{"href":"https:\/\/www.cti-commission.fr\/en\/wp-json\/wp\/v2\/posts\/663","targetHints":{"allow":["GET"]}}],"collection":[{"href":"https:\/\/www.cti-commission.fr\/en\/wp-json\/wp\/v2\/posts"}],"about":[{"href":"https:\/\/www.cti-commission.fr\/en\/wp-json\/wp\/v2\/types\/post"}],"author":[{"embeddable":true,"href":"https:\/\/www.cti-commission.fr\/en\/wp-json\/wp\/v2\/users\/2"}],"replies":[{"embeddable":true,"href":"https:\/\/www.cti-commission.fr\/en\/wp-json\/wp\/v2\/comments?post=663"}],"version-history":[{"count":0,"href":"https:\/\/www.cti-commission.fr\/en\/wp-json\/wp\/v2\/posts\/663\/revisions"}],"wp:attachment":[{"href":"https:\/\/www.cti-commission.fr\/en\/wp-json\/wp\/v2\/media?parent=663"}],"wp:term":[{"taxonomy":"category","embeddable":true,"href":"https:\/\/www.cti-commission.fr\/en\/wp-json\/wp\/v2\/categories?post=663"},{"taxonomy":"post_tag","embeddable":true,"href":"https:\/\/www.cti-commission.fr\/en\/wp-json\/wp\/v2\/tags?post=663"}],"curies":[{"name":"wp","href":"https:\/\/api.w.org\/{rel}","templated":true}]}}