{"id":4855,"date":"2017-07-20T16:44:24","date_gmt":"2017-07-20T14:44:24","guid":{"rendered":"https:\/\/www.cti-commission.fr\/?p=4855"},"modified":"2017-10-25T15:06:54","modified_gmt":"2017-10-25T13:06:54","slug":"seance-pleniere-du-13-juin-2017","status":"publish","type":"post","link":"https:\/\/www.cti-commission.fr\/en\/seance-pleniere-du-13-juin-2017","title":{"rendered":"S\u00e9ance pl\u00e9ni\u00e8re du 13 juin 2017"},"content":{"rendered":"<p><strong>1\/ Suivi p\u00e9riodique du Sud-Ouest \u2013 Acad\u00e9mies de Bordeaux, Limoges et Poitiers<\/strong><br \/>\n<strong> (habilitation \u00e0 compter de la rentr\u00e9e 2017)<\/strong><\/p>\n<p><strong>Ecole sup\u00e9rieure des technologies industrielles avanc\u00e9es (ESTIA)<\/strong><br \/>\nLa Commission prend acte du nouveau statut d\u2019Etablissement d\u2019enseignement sup\u00e9rieur consulaire dont b\u00e9n\u00e9ficie l\u2019ESTIA depuis le 1er janvier 2017.<br \/>\nElle d\u00e9cide le renouvellement, assorti d\u2019une injonction, pour la dur\u00e9e restreinte de 5 ans \u00e0 compter du 1er septembre 2017, de l\u2019habilitation de l\u2019Ecole sup\u00e9rieure des technologies industrielles avanc\u00e9es \u00e0 d\u00e9livrer le titre suivant :<br \/>\n&#8211; Ing\u00e9nieur dipl\u00f4m\u00e9 de l\u2019Ecole sup\u00e9rieure des technologies industrielles avanc\u00e9es,\u00a0en formation initiale sous statut d\u2019\u00e9tudiant, sous statut d\u2019apprenti et en formation continue.<br \/>\nL\u2019\u00e9tablissement enverra au d\u00e9partement des \u00e9coles sup\u00e9rieures et de l&#8217;enseignement sup\u00e9rieur priv\u00e9 de la DGESIP, en charge du greffe de la CTI, avant le 15 d\u00e9cembre 2017, un rapport compl\u00e9mentaire relatif aux conditions de d\u00e9livrance d\u2019un second dipl\u00f4me et \u00e0 l\u2019organisation p\u00e9dagogique relative au contrat de professionnalisation.<br \/>\nLe label EUR-ACE Master pourra \u00eatre attribu\u00e9 \u00e0 ce dipl\u00f4me, sur demande de l\u2019\u00e9tablissement, pour la m\u00eame p\u00e9riode.<br \/>\n(<em>DECISION N\u00b0 2017\/06-01<\/em>)<\/p>\n<p><strong>Universit\u00e9 de Limoges<\/strong><br \/>\n<strong>&#8211; Ecole d\u2019ing\u00e9nieurs \u00ab ENSIL-ENSCI \u00bb<\/strong><br \/>\nAvis favorable au renouvellement, pour la dur\u00e9e maximale de 5 ans \u00e0 compter du 1er septembre 2017, de l\u2019accr\u00e9ditation de l\u2019Universit\u00e9 de Limoges \u00e0 d\u00e9livrer le titre suivant :<br \/>\n&#8211; Ing\u00e9nieur dipl\u00f4m\u00e9 de l\u2019Ecole d\u2019ing\u00e9nieurs \u00ab ENSIL-ENSCI \u00bb de l\u2019Universit\u00e9 de Limoges dans les 5 sp\u00e9cialit\u00e9s \u2013 C\u00e9ramique industrielle \u2013 G\u00e9nie de l\u2019eau et Environnement (nouvel intitul\u00e9 en remplacement de Eau et environnement) \u2013 Electronique et T\u00e9l\u00e9communications &#8211; Mat\u00e9riaux \u2013 M\u00e9catronique -, en formation initiale sous statut d\u2019\u00e9tudiant.<br \/>\nLe label EUR-ACE Master pourra \u00eatre attribu\u00e9 \u00e0 ces 5 dipl\u00f4mes, sur demande de l\u2019\u00e9tablissement, pour la m\u00eame p\u00e9riode.<br \/>\n(<em>AVIS N\u00b0 2017\/06-02<\/em>)<\/p>\n<p><strong>Institut d\u2019ing\u00e9nierie informatique de Limoges (3iL)<\/strong><br \/>\nD\u00e9cision de renouvellement, pour la dur\u00e9e maximale de 5 ans \u00e0 compter du 1er septembre 2017, de l\u2019accr\u00e9ditation de l\u2019Institut d\u2019ing\u00e9nierie informatique de Limoges \u00e0 d\u00e9livrer les titres suivants :<br \/>\n&#8211; Ing\u00e9nieur dipl\u00f4m\u00e9 de l\u2019Institut d\u2019ing\u00e9nierie informatique de Limoges, en formation initiale sous statut d\u2019\u00e9tudiant et sous statut d\u2019apprenti.<br \/>\n(Formation sur le site de Limoges)<\/p>\n<p>&#8211; Ing\u00e9nieur dipl\u00f4m\u00e9 de l\u2019Institut d\u2019ing\u00e9nierie informatique de Limoges, en partenariat avec l\u2019ITII Midi-Pyr\u00e9n\u00e9es,\u00a0en formation initiale sous statut d\u2019apprenti.<br \/>\n(Formation sur le site de Rodez)<br \/>\nLa Commission prend acte de la transformation en \u00e9cole en 5 ans avec un recrutement direct au niveau du baccalaur\u00e9at \u00e0 compter de la rentr\u00e9e 2017.<br \/>\nL\u2019\u00e9tablissement enverra au d\u00e9partement des \u00e9coles sup\u00e9rieures et de l&#8217;enseignement sup\u00e9rieur priv\u00e9 de la DGESIP, en charge du greffe de la CTI, avant le 15 septembre 2019, un rapport interm\u00e9diaire sur les parcours internationaux et le cycle pr\u00e9paratoire.<br \/>\nLe label EUR-ACE Master pourra \u00eatre attribu\u00e9 \u00e0 ces dipl\u00f4mes, sur demande de l\u2019\u00e9tablissement, pour la m\u00eame p\u00e9riode.<br \/>\n(<em>DECISION N\u00b0 2017\/06-03<\/em>)<\/p>\n<p><strong>Universit\u00e9 de Poitiers<\/strong><br \/>\n<strong>&#8211; Ecole nationale sup\u00e9rieure d\u2019ing\u00e9nieurs de Poitiers (ENSIP)<\/strong><br \/>\nAvis favorable au renouvellement, pour la dur\u00e9e maximale de 5 ans \u00e0 compter du 1er septembre 2017, de l\u2019accr\u00e9ditation de l\u2019Universit\u00e9 de Poitiers \u00e0 d\u00e9livrer les titres suivants :<br \/>\n&#8211; Ing\u00e9nieur dipl\u00f4m\u00e9 de l\u2019Ecole nationale sup\u00e9rieure d\u2019ing\u00e9nieurs de l\u2019Universit\u00e9 de Poitiers dans les 2 sp\u00e9cialit\u00e9s \u2013 G\u00e9nie de l\u2019eau et G\u00e9nie civil (nouvel intitul\u00e9 en remplacement de Eau et g\u00e9nie civil) \u2013 Energie -, en formation initiale sous statut d\u2019\u00e9tudiant.<br \/>\nL\u2019\u00e9tablissement enverra au d\u00e9partement des \u00e9coles sup\u00e9rieures et de l&#8217;enseignement sup\u00e9rieur priv\u00e9 de la DGESIP, en charge du greffe de la CTI, avant le 15 septembre 2019, un rapport interm\u00e9diaire portant sur le suivi de recommandations.<br \/>\n(<em>AVIS N\u00b0 2017\/06-04<\/em>)<\/p>\n<p><strong>2\/ Suivi g\u00e9n\u00e9ral des habilitations<\/strong><\/p>\n<p><strong>Universit\u00e9 de Toulon<\/strong><br \/>\n<strong>&#8211; Ecole sup\u00e9rieure d\u2019ing\u00e9nieurs de l\u2019Universit\u00e9 de Toulon (EIUT)<\/strong><br \/>\nAvis favorable au renouvellement, pour la dur\u00e9e maximale de 3 ans \u00e0 compter du 1er septembre 2017, de l\u2019accr\u00e9ditation de l\u2019Universit\u00e9 de Toulon \u00e0 d\u00e9livrer les titres suivants :<br \/>\n&#8211; Ing\u00e9nieur dipl\u00f4m\u00e9 de l\u2019Ecole d\u2019ing\u00e9nieurs de l\u2019Universit\u00e9 de Toulon, en formation initiale sous statut d\u2019\u00e9tudiant ainsi qu\u2019en formation continue.<br \/>\n&#8211; Ing\u00e9nieur dipl\u00f4m\u00e9 de l\u2019Ecole d\u2019ing\u00e9nieurs de l\u2019Universit\u00e9 de Toulon, sp\u00e9cialit\u00e9 Mat\u00e9riaux, en formation initiale sous statut d\u2019apprenti ainsi qu\u2019en formation continue.<br \/>\nLe label EUR-ACE Master pourra \u00eatre attribu\u00e9 \u00e0 ces deux dipl\u00f4mes, sur demande de l\u2019\u00e9tablissement, pour la m\u00eame p\u00e9riode.<br \/>\n(<em>AVIS N\u00b0 2017\/06-05<\/em>)<\/p>\n<p><strong>Institut polytechnique de Bordeaux<\/strong><br \/>\n<strong>&#8211; Ecole nationale sup\u00e9rieure d\u2019ing\u00e9nieurs d\u2019\u00e9lectronique, informatique, t\u00e9l\u00e9communications, math\u00e9matique et m\u00e9canique de Bordeaux (ENSEIRB-MATMECA)<\/strong><br \/>\nAvis favorable au changement de nom d\u2019une sp\u00e9cialit\u00e9. L\u2019intitul\u00e9 correspondant devient :<br \/>\n&#8211; Ing\u00e9nieur dipl\u00f4m\u00e9 de l\u2019Ecole nationale sup\u00e9rieure d\u2019\u00e9lectronique, informatique, t\u00e9l\u00e9communications, math\u00e9matique et m\u00e9canique de l\u2019Institut polytechnique de Bordeaux, sp\u00e9cialit\u00e9 Math\u00e9matiques appliqu\u00e9es et M\u00e9canique (nouvel intitul\u00e9 en remplacement de Math\u00e9matiques et m\u00e9canique), en formation initiale sous statut d\u2019\u00e9tudiant ainsi qu\u2019en formation continue.<br \/>\n(<em>Compl\u00e9ment \u00e0 l\u2019AVIS N\u00b0 2017\/01-02<\/em>)<\/p>\n<p><strong>Ecole polytechnique f\u00e9minine (EPF)<\/strong><br \/>\nLa Commission prend acte, avec r\u00e9serves, du rapport interm\u00e9diaire sollicit\u00e9 lors du suivi p\u00e9riodique.<br \/>\n(<em>Compl\u00e9ment \u00e0 la DECISION N\u00b0 2012\/11-03<\/em>)<\/p>\n<p>Et dans le cadre de l\u2019Admission par l\u2019Etat,<\/p>\n<p><strong>Universit\u00e9 catholique de Louvain<\/strong><br \/>\n<strong>&#8211; Facult\u00e9 d\u2019architecture, d\u2019ing\u00e9nierie architecturale, d\u2019urbanisme<\/strong><br \/>\nLa Commission prend acte, avec r\u00e9serves, du rapport interm\u00e9diaire sollicit\u00e9 lors de l\u2019\u00e9valuation en vue de l\u2019Admission par l\u2019Etat du \u00ab Master ing\u00e9nieur civil architecte \u00bb.<br \/>\n(<em>Compl\u00e9ment \u00e0 l\u2019AVIS N\u00b0 2013\/09-05<\/em>)<\/p>\n<p><strong>3\/ Suivi g\u00e9n\u00e9ral de l\u2019apprentissage<\/strong><\/p>\n<p><strong>CentraleSup\u00e9lec<\/strong><br \/>\nLa Commission prend acte de l\u2019arr\u00eat du recrutement dans la voie de formation initiale sous statut d\u2019apprenti conduisant \u00e0 la d\u00e9livrance du titre d\u2019Ing\u00e9nieur dipl\u00f4m\u00e9 de l\u2019\u00e9cole centrale des arts et manufactures.<br \/>\n(<em>Compl\u00e9ment aux AVIS N\u00b0 2013\/01-03 &amp; N\u00b02015\/12-08<\/em>)<\/p>\n<p><strong>4\/ Constitution d\u2019un r\u00e9seau d\u2019\u00e9coles ind\u00e9pendantes et \u00e9volution de l\u2019intitul\u00e9 des structures accr\u00e9dit\u00e9es et des titres habilit\u00e9s.<\/strong><\/p>\n<p><strong>Association Yncr\u00e9a<\/strong><br \/>\nCr\u00e9\u00e9e par les 3 associations Groupe HEI-ISA-ISEN, ISEN Brest et ISEN Toulon, l\u2019association Yncr\u00e9a prend la suite de l\u2019association Groupe ISEN. Son si\u00e8ge social est 12 rue Norbert S\u00e9gard 59800 LILLE.<br \/>\nPour afficher leur appartenance au r\u00e9seau Yncr\u00e9a, les 3 associations gestionnaires changent de nom mais maintiennent ceux des \u00e9coles.<\/p>\n<p>1\/ L\u2019association Yncr\u00e9a Hauts-de-France (ex Groupe HEI-ISA-ISEN) g\u00e8re 3 \u00e9coles internes, dont les activit\u00e9s et les implantations sont bien sp\u00e9cifiques, et d\u00e9livre les dipl\u00f4mes suivants :<br \/>\nEcole des hautes \u00e9tudes d\u2019ing\u00e9nieur (HEI)<br \/>\n&#8211; Ing\u00e9nieur dipl\u00f4m\u00e9 de l\u2019Ecole des hautes \u00e9tudes d\u2019ing\u00e9nieur Yncr\u00e9a Hauts-de-France,\u00a0en formation initiale sous statut d\u2019\u00e9tudiant ainsi qu\u2019en formation continue (formation sur le site de Lille), et en formation initiale sous statut d\u2019apprenti (formation sur les sites de Lille et Ch\u00e2teauroux).<br \/>\nInstitut sup\u00e9rieur de l\u2019\u00e9lectronique et du num\u00e9rique (ISEN)<br \/>\n&#8211; Ing\u00e9nieur dipl\u00f4m\u00e9 de l\u2019Institut sup\u00e9rieur de l\u2019\u00e9lectronique et du num\u00e9rique Yncr\u00e9a Hauts-de-France,\u00a0en formation initiale sous statut d\u2019\u00e9tudiant et d\u2019apprenti (formation sur le site de Lille).<br \/>\nInstitut sup\u00e9rieur d\u2019agriculture (ISA)<br \/>\n&#8211; Ing\u00e9nieur dipl\u00f4m\u00e9 de l\u2019Institut sup\u00e9rieur d\u2019agriculture Yncr\u00e9a Hauts-de-France,\u00a0en formation initiale sous statut d\u2019\u00e9tudiant et d\u2019apprenti ainsi qu\u2019en formation continue (formation sur le site de Lille).<br \/>\n&#8211; Ing\u00e9nieur dipl\u00f4m\u00e9 de l\u2019Institut sup\u00e9rieur d\u2019agriculture Yncr\u00e9a Hauts-de-France, sp\u00e9cialit\u00e9 Paysage,\u00a0en formation initiale sous statut d\u2019apprenti ainsi qu\u2019en formation continue (formation sur les sites de Lille et d\u2019Antibes)<\/p>\n<p>2\/ L\u2019association Yncr\u00e9a Ouest (ex ISEN Brest) d\u00e9livre les dipl\u00f4mes suivants :<br \/>\n&#8211; Ing\u00e9nieur dipl\u00f4m\u00e9 de l\u2019Institut sup\u00e9rieur de l\u2019\u00e9lectronique et du num\u00e9rique Yncr\u00e9a Ouest,\u00a0en formation initiale sous statut d\u2019\u00e9tudiant (formation compl\u00e8te sur le site de Brest et seulement les 3 premi\u00e8res ann\u00e9es sur le site de Nantes).<br \/>\n&#8211; Ing\u00e9nieur dipl\u00f4m\u00e9 de l\u2019Institut sup\u00e9rieur de l\u2019\u00e9lectronique et du num\u00e9rique Yncr\u00e9a Ouest, sp\u00e9cialit\u00e9 Electronique et informatique industrielle, en partenariat avec l\u2019ITII Bretagne,\u00a0en formation initiale sous statut d\u2019apprenti ainsi qu\u2019en formation continue (formation sur le site de Brest).<\/p>\n<p>3\/ L\u2019association Yncr\u00e9a M\u00e9diterran\u00e9e (ex ISEN Toulon), d\u00e9livre les dipl\u00f4mes suivants :<br \/>\n&#8211; Ing\u00e9nieur dipl\u00f4m\u00e9 de l\u2019Institut sup\u00e9rieur de l\u2019\u00e9lectronique et du num\u00e9rique Yncr\u00e9a M\u00e9diterran\u00e9e,\u00a0en formation initiale sous statut d\u2019\u00e9tudiant\u00a0(formation compl\u00e8te sur le site de Toulon et seulement les 3 premi\u00e8res ann\u00e9es sur le site de N\u00eemes).<br \/>\n&#8211; Ing\u00e9nieur dipl\u00f4m\u00e9 de l\u2019Institut sup\u00e9rieur de l\u2019\u00e9lectronique et du num\u00e9rique Yncr\u00e9a M\u00e9diterran\u00e9e, sp\u00e9cialit\u00e9 Electronique et informatique industrielle, en partenariat avec l\u2019ITII Provence-Alpes-C\u00f4te d\u2019azur,<br \/>\nen formation initiale sous statut d\u2019apprenti ainsi qu\u2019en formation continue (formation sur les sites de Toulon et Marseille).<\/p>\n<p>Les nouveaux intitul\u00e9s s\u2019appliqueront aux dipl\u00f4mes qui seront d\u00e9livr\u00e9s en 2017.<br \/>\n(<em>DECISION N\u00b0 2017\/06-06<\/em>)<\/p>\n","protected":false},"excerpt":{"rendered":"<p>Au cours de la s\u00e9ance pl\u00e9ni\u00e8re qui s\u2019est tenue le 13 juin 2017 au si\u00e8ge de la Commission, 44 rue Cambronne \u00e0 Paris 15\u00e8me, sous la pr\u00e9sidence de Laurent MAHIEU, la Commission des titres d\u2019ing\u00e9nieur a :<br \/>\n&#8211; adopt\u00e9 le proc\u00e8s-verbal de la s\u00e9ance pl\u00e9ni\u00e8re du 16 mai 2017, le relev\u00e9 de conclusions ainsi que les avis et d\u00e9cisions correspondants.<br \/>\n&#8211; approuv\u00e9 la note de proc\u00e9dure relative \u00e0 l\u2019accr\u00e9ditation d\u2019une \u00e9cole fran\u00e7aise pour la d\u00e9livrance du titre d\u2019ing\u00e9nieur dipl\u00f4m\u00e9 sur un site situ\u00e9 \u00e0 l\u2019\u00e9tranger.<br \/>\n&#8211; entendu diverses informations relatives \u00e0 la journ\u00e9e des experts du 19 juin ainsi qu\u2019au s\u00e9minaire de la Commission le 11 septembre 2017.<br \/>\n&#8211; eu un \u00e9change de vues sur la localisation du prochain colloque annuel qui aura lieu en f\u00e9vrier 2018.<br \/>\n&#8211; approuv\u00e9 le principe de r\u00e9attribution automatique du label EUR-ACE en cas de fusion d\u2019\u00e9coles.<br \/>\n&#8211; approuv\u00e9 diverses modifications dans la programmation et la composition d\u2019\u00e9quipes de missions d\u2019audit des campagnes 2017 et 2018.<\/p>\n<p>Ensuite, la Commission a donn\u00e9 des avis et pris des d\u00e9cisions :<\/p>\n","protected":false},"author":1,"featured_media":0,"comment_status":"closed","ping_status":"open","sticky":false,"template":"","format":"standard","meta":{"_price":"","_stock":"","_tribe_ticket_header":"","_tribe_default_ticket_provider":"","_tribe_ticket_capacity":"0","_ticket_start_date":"","_ticket_end_date":"","_tribe_ticket_show_description":"","_tribe_ticket_show_not_going":false,"_tribe_ticket_use_global_stock":"","_tribe_ticket_global_stock_level":"","_global_stock_mode":"","_global_stock_cap":"","_tribe_rsvp_for_event":"","_tribe_ticket_going_count":"","_tribe_ticket_not_going_count":"","_tribe_tickets_list":"[]","_tribe_ticket_has_attendee_info_fields":false,"footnotes":""},"categories":[19,14],"tags":[],"class_list":["post-4855","post","type-post","status-publish","format-standard","hentry","category-assemblees-plenieres-releves-de-conclusions-avis-et-decisions-concernant-les-formations","category-communications-evenements"],"translation":{"provider":"WPGlobus","version":"3.0.2","language":"en","enabled_languages":["fr","en"],"languages":{"fr":{"title":true,"content":true,"excerpt":true},"en":{"title":false,"content":false,"excerpt":false}}},"_links":{"self":[{"href":"https:\/\/www.cti-commission.fr\/en\/wp-json\/wp\/v2\/posts\/4855","targetHints":{"allow":["GET"]}}],"collection":[{"href":"https:\/\/www.cti-commission.fr\/en\/wp-json\/wp\/v2\/posts"}],"about":[{"href":"https:\/\/www.cti-commission.fr\/en\/wp-json\/wp\/v2\/types\/post"}],"author":[{"embeddable":true,"href":"https:\/\/www.cti-commission.fr\/en\/wp-json\/wp\/v2\/users\/1"}],"replies":[{"embeddable":true,"href":"https:\/\/www.cti-commission.fr\/en\/wp-json\/wp\/v2\/comments?post=4855"}],"version-history":[{"count":2,"href":"https:\/\/www.cti-commission.fr\/en\/wp-json\/wp\/v2\/posts\/4855\/revisions"}],"predecessor-version":[{"id":4894,"href":"https:\/\/www.cti-commission.fr\/en\/wp-json\/wp\/v2\/posts\/4855\/revisions\/4894"}],"wp:attachment":[{"href":"https:\/\/www.cti-commission.fr\/en\/wp-json\/wp\/v2\/media?parent=4855"}],"wp:term":[{"taxonomy":"category","embeddable":true,"href":"https:\/\/www.cti-commission.fr\/en\/wp-json\/wp\/v2\/categories?post=4855"},{"taxonomy":"post_tag","embeddable":true,"href":"https:\/\/www.cti-commission.fr\/en\/wp-json\/wp\/v2\/tags?post=4855"}],"curies":[{"name":"wp","href":"https:\/\/api.w.org\/{rel}","templated":true}]}}