{"id":3170,"date":"2016-12-07T00:00:00","date_gmt":"2016-12-06T23:00:00","guid":{"rendered":"https:\/\/www.cti-commission.fr\/2016\/12\/07\/seance-pleniere-du-6-decembre-2016"},"modified":"2017-10-25T15:08:42","modified_gmt":"2017-10-25T13:08:42","slug":"seance-pleniere-du-6-decembre-2016","status":"publish","type":"post","link":"https:\/\/www.cti-commission.fr\/en\/seance-pleniere-du-6-decembre-2016","title":{"rendered":"S\u00e9ance pl\u00e9ni\u00e8re du 6 d\u00e9cembre 2016"},"content":{"rendered":"<p><strong>1 \/ Suivi p\u00e9riodique du Sud-Ouest \u2013 Acad\u00e9mie de Toulouse<br \/>\n(habilitation \u00e0 compter de la rentr\u00e9e 2017)<\/strong><\/p>\n<p>Institut national polytechnique de Toulouse (INP Toulouse)<\/p>\n<p>\u00c9cole nationale sup\u00e9rieure d\u2019\u00e9lectrotechnique, d\u2019\u00e9lectronique, d\u2019informatique, d\u2019hydraulique et des t\u00e9l\u00e9communications (ENSEEIHT)<\/p>\n<p>Avis favorable, pour la dur\u00e9e maximale de 5 ans \u00e0 compter du 1er septembre 2017, \u00e0 l\u2019accr\u00e9ditation de l\u2019Institut national polytechnique de Toulouse \u00e0 d\u00e9livrer le titre suivant :<\/p>\n<p>Ing\u00e9nieur dipl\u00f4m\u00e9 de l\u2019\u00c9cole nationale sup\u00e9rieure d\u2019\u00e9lectrotechnique, d\u2019\u00e9lectronique, d\u2019hydraulique et des t\u00e9l\u00e9communications de l\u2019Institut national polytechnique de Toulouse, dans les 3 sp\u00e9cialit\u00e9s \u2013 \u00c9lectronique et g\u00e9nie \u00e9lectrique \u2013 Informatique et t\u00e9l\u00e9communications \u2013 M\u00e9canique et g\u00e9nie hydraulique \u2013<br \/>\nen formation initiale sous statut d\u2019\u00e9tudiant et d\u2019apprenti ainsi qu\u2019en formation continue.<br \/>\nLes \u00e9tudiants, apprentis et stagiaires de formation continue, en cours d\u2019\u00e9tudes, obtiendront le dipl\u00f4me d\u2019ing\u00e9nieur dans la sp\u00e9cialit\u00e9 en vigueur lors de leur admission.<br \/>\nLe label europ\u00e9en pour les formations d\u2019ing\u00e9nieur EUR-ACE Master pourra \u00eatre attribu\u00e9 sur demande aux trois titres d\u2019ing\u00e9nieur dipl\u00f4m\u00e9 ci-dessus.<br \/>\nLe renouvellement des autres accr\u00e9ditations relatives \u00e0 l\u2019Institut national polytechnique de Toulouse sera examin\u00e9 lors de la s\u00e9ance pl\u00e9ni\u00e8re de janvier 2017.<br \/>\n(<em>AVIS N\u00b0 2016\/12-01<\/em>)<\/p>\n<p><strong>2 \/ Suivi g\u00e9n\u00e9ral des habilitations<\/strong><\/p>\n<p>Groupe IONIS<\/p>\n<p>\u00c9cole sp\u00e9ciale de m\u00e9canique et d\u2019\u00e9lectricit\u00e9 (ESME Sudria)<\/p>\n<p>La Commission prend acte favorablement du rapport interm\u00e9diaire, sollicit\u00e9 lors suivi p\u00e9riodique (<em>DECISION N\u00b0 2013\/11-04<\/em>), relatif au suivi des recommandations et au fonctionnement des 3 sites.<br \/>\nPar ailleurs, l\u2019\u00e9tablissement sollicite l\u2019autorisation d\u2019ouvrir une nouvelle antenne.<br \/>\n(voir \u2026 4 \/ Cr\u00e9ation d\u2019antennes)<br \/>\n(<em>DECISION N\u00b0 2016\/12-02<\/em>)<\/p>\n<p><strong>Groupe IONIS<\/strong><\/p>\n<p>\u00c9cole pour l\u2019informatique et les techniques avanc\u00e9es (EPITA)<\/p>\n<p>D\u00e9cision de renouvellement, pour 2 ann\u00e9es \u00e0 compter de la rentr\u00e9e 2017, de l\u2019extension \u00e0 la voie de l\u2019apprentissage de la pr\u00e9paration du titre d\u2019Ing\u00e9nieur dipl\u00f4m\u00e9 de l\u2019\u00c9cole pour l\u2019informatique et les techniques avanc\u00e9es.<br \/>\nPar ailleurs, l\u2019\u00e9tablissement sollicite l\u2019autorisation d\u2019ouvrir 4 antennes.<br \/>\n(voir \u2026 4 \/ Cr\u00e9ation d\u2019antennes)<br \/>\n(<em>DECISION N\u00b0 2016\/12-03<\/em>)<\/p>\n<p><strong>\u00c9cole sup\u00e9rieure d\u2019agro-d\u00e9veloppement international (ISTOM)<\/strong><\/p>\n<p>La Commission prend acte favorablement du rapport interm\u00e9diaire qui avait \u00e9t\u00e9 sollicit\u00e9 lors du suivi p\u00e9riodique (<em>AVIS N\u00b0 2012\/10-03<\/em>) sur le suivi des recommandations en mati\u00e8re de recherche. Elle note le projet de d\u00e9m\u00e9nagement.<br \/>\n(L\u2019<em>AVIS N\u00b0 2012\/10-03<\/em> est modifi\u00e9 en cons\u00e9quence)<\/p>\n<p><strong>\u00c9cole d\u2019ing\u00e9nieurs SIGMA Clermont<\/strong><\/p>\n<p>La Commission prend acte favorablement du rapport de situation adress\u00e9 par l\u2019\u00e9cole relatif \u00e0 la mise en route du nouvel \u00e9tablissement r\u00e9sultat de la fusion de l\u2019FMA et de l\u2019ENSCCF (<em>AVIS N\u00b02016\/01-07<\/em>). Un rapport de situation est demand\u00e9 \u00e0 l\u2019\u00e9cole pour d\u00e9cembre 2018.<br \/>\n(L\u2019<em>AVIS N\u00b0 2016\/01-07 <\/em> est modifi\u00e9 en cons\u00e9quence)<\/p>\n<p><strong>3 \/ D\u00e9veloppement de l\u2019apprentissage<\/strong><\/p>\n<p>Universit\u00e9 de Lorraine<\/p>\n<p>\u00c9cole nationale sup\u00e9rieure d\u2019\u00e9lectricit\u00e9 et de m\u00e9canique de Nancy (ENSEM)<\/p>\n<p>Avis favorable, pour une dur\u00e9e restreinte de 3 ans \u00e0 partir du 1er septembre 2017, \u00e0 l\u2019accr\u00e9ditation de l\u2019Universit\u00e9 de Lorraine \u00e0 d\u00e9livrer le titre d\u2019ing\u00e9nieur dipl\u00f4m\u00e9 suivant :<\/p>\n<p>Ing\u00e9nieur dipl\u00f4m\u00e9 de l\u2019\u00c9cole nationale sup\u00e9rieure d\u2019\u00e9lectricit\u00e9 et de m\u00e9canique de Nancy de l\u2019Universit\u00e9 de Lorraine, en partenariat avec l\u2019ITII Lorraine, en formation initiale sous statut d\u2019apprenti ainsi qu\u2019en formation continue.<br \/>\n(<em>AVIS N\u00b0 2016\/12-04<\/em>)<\/p>\n<p><strong>\u00c9cole sup\u00e9rieure d\u2019\u00e9lectronique de l\u2019Ouest (ESEO)<\/strong><\/p>\n<p>La Commission a examin\u00e9 favorablement la demande d\u2019extension \u00e0 la voie de l\u2019apprentissage de la pr\u00e9paration du titre d\u2019Ing\u00e9nieur dipl\u00f4m\u00e9 de l\u2019Ecole sup\u00e9rieure d\u2019\u00e9lectronique de l\u2019Ouest.<br \/>\nLa d\u00e9cision d\u00e9finitive, pr\u00e9cisant le d\u00e9but et la dur\u00e9e de l\u2019habilitation correspondante, sera prise au vu de la prise de position du Conseil r\u00e9gional de la r\u00e9gion Pays de la Loire et de la convention avec le CFA devant assurer le financement.<br \/>\n(<em>DECISION N\u00b0 2016\/12-05<\/em>)<\/p>\n<p><strong>4 \/ Cr\u00e9ation d\u2019antennes<br \/>\n(cf. R&amp;O 2016 livre 3.VI.8 : \u00ab \u00e9coles multisites \u00bb)<\/strong><\/p>\n<p>Groupe IONIS<\/p>\n<p>\u00c9cole sp\u00e9ciale de m\u00e9canique et d\u2019\u00e9lectricit\u00e9 (ESME Sudria)<\/p>\n<p>La Commission autorise l\u2019\u00e9tablissement \u00e0 ouvrir \u00e0 Bordeaux, \u00e0 la rentr\u00e9e 2017, une antenne dans laquelle les \u00e9tudiants admis pourront suivre les 5 premiers semestres de la formation, les 5 semestres suivants \u00e9tant suivis \u00e0 Ivry-sur-Seine, si\u00e8ge de l\u2019\u00e9tablissement. Cette antenne s\u2019ajoute \u00e0 celles de Lille, Lyon et Paris-Montparnasse et fonctionnera dans les m\u00eames conditions.<br \/>\nL\u2019habilitation dont b\u00e9n\u00e9ficie actuellement l\u2019\u00e9cole se poursuit jusqu\u2019\u00e0 la fin de l\u2019ann\u00e9e universitaire 2018-2019.<br \/>\n(<em>DECISION N\u00b0 2016\/12-02<\/em>)<\/p>\n<p><strong>Groupe IONIS<\/strong><\/p>\n<p>\u00c9cole pour l\u2019informatique et les techniques avanc\u00e9es (EPITA)<\/p>\n<p>La Commission autorise l\u2019\u00e9tablissement \u00e0 ouvrir \u00e0 Lyon, Rennes, Strasbourg et Toulouse, \u00e0 la rentr\u00e9e 2017, une antenne dans laquelle les \u00e9tudiants admis pourront suivre les 3 premiers semestres de la formation, les 7 semestres suivants \u00e9tant suivis au Kremlin-Bic\u00eatre, si\u00e8ge de l\u2019\u00e9tablissement.<br \/>\nL\u2019habilitation dont b\u00e9n\u00e9ficie actuellement l\u2019\u00e9cole se poursuit jusqu\u2019\u00e0 la fin de l\u2019ann\u00e9e universitaire 2018-2019.<br \/>\n(<em>DECISION N\u00b0 2016\/12-03<\/em>)<\/p>\n<p><strong>5 \/ Suivi g\u00e9n\u00e9ral des admissions par l\u2019\u00c9tat<\/strong><\/p>\n<p>Institut international d&#8217;ing\u00e9nierie de l&#8217;eau et de l&#8217;environnement d&#8217;Ouagadougou (2iE)<\/p>\n<p>La Commission prend acte favorablement du rapport interm\u00e9diaire qui avait \u00e9t\u00e9 sollicit\u00e9 lors du suivi p\u00e9riodique (AVIS N\u00b0 2015\/07-10) sur le suivi des recommandations et formule des encouragements \u00e0 poursuivre.<br \/>\n(L\u2019<em>AVIS N\u00b0 2015\/07-10<\/em> est modifi\u00e9 en cons\u00e9quence)<\/p>\n","protected":false},"excerpt":{"rendered":"<p>Au cours de la s\u00e9ance pl\u00e9ni\u00e8re qui s\u2019est tenue le 6 d\u00e9cembre 2016 au si\u00e8ge de la Commission, 44 rue Cambronne \u00e0 Paris 15\u00e8me, sous la pr\u00e9sidence de Laurent MAHIEU, la Commission des titres d\u2019ing\u00e9nieur a :<br \/>\n<br \/>&nbsp;adopt\u00e9 le proc\u00e8s-verbal du la s\u00e9ance pl\u00e9ni\u00e8re du 8 novembre 2016, ainsi que le relev\u00e9 de conclusions et les avis et d\u00e9cisions correspondants.<br \/>\n<br \/>&nbsp;approuv\u00e9, sur proposition d\u2019Agn\u00e8s SMITH et Delphin RIVIERE, diverses modifications dans la programmation et la composition d\u2019\u00e9quipes de missions d\u2019audit de la campagne 2016-2017.<br \/>\n<br \/>&nbsp;approuv\u00e9, sur proposition du Greffe de la CTI, l\u2019agenda de la campagne d\u2019audit 2017 \u2013 2018 et les modifications d\u2019agenda de la campagne en cours.<\/p>\n<p>Le Pr\u00e9sident Laurent MAHIEU indique que le budget pr\u00e9visionnel 2017, les projets de d\u00e9lib\u00e9rations relatives aux injonctions ainsi qu\u2019au contrat de professionnalisation seront propos\u00e9s \u00e0 l\u2019adoption lors des s\u00e9ances pl\u00e9ni\u00e8res prochaines.<\/p>\n<p>Ensuite, la Commission a donn\u00e9 des avis et pris des d\u00e9cisions :<\/p>\n","protected":false},"author":4,"featured_media":0,"comment_status":"closed","ping_status":"open","sticky":false,"template":"","format":"standard","meta":{"_price":"","_stock":"","_tribe_ticket_header":"","_tribe_default_ticket_provider":"","_tribe_ticket_capacity":"0","_ticket_start_date":"","_ticket_end_date":"","_tribe_ticket_show_description":"","_tribe_ticket_show_not_going":false,"_tribe_ticket_use_global_stock":"","_tribe_ticket_global_stock_level":"","_global_stock_mode":"","_global_stock_cap":"","_tribe_rsvp_for_event":"","_tribe_ticket_going_count":"","_tribe_ticket_not_going_count":"","_tribe_tickets_list":"[]","_tribe_ticket_has_attendee_info_fields":false,"footnotes":""},"categories":[19,14],"tags":[],"class_list":["post-3170","post","type-post","status-publish","format-standard","hentry","category-assemblees-plenieres-releves-de-conclusions-avis-et-decisions-concernant-les-formations","category-communications-evenements"],"translation":{"provider":"WPGlobus","version":"3.0.2","language":"en","enabled_languages":["fr","en"],"languages":{"fr":{"title":true,"content":true,"excerpt":true},"en":{"title":false,"content":false,"excerpt":false}}},"_links":{"self":[{"href":"https:\/\/www.cti-commission.fr\/en\/wp-json\/wp\/v2\/posts\/3170","targetHints":{"allow":["GET"]}}],"collection":[{"href":"https:\/\/www.cti-commission.fr\/en\/wp-json\/wp\/v2\/posts"}],"about":[{"href":"https:\/\/www.cti-commission.fr\/en\/wp-json\/wp\/v2\/types\/post"}],"author":[{"embeddable":true,"href":"https:\/\/www.cti-commission.fr\/en\/wp-json\/wp\/v2\/users\/4"}],"replies":[{"embeddable":true,"href":"https:\/\/www.cti-commission.fr\/en\/wp-json\/wp\/v2\/comments?post=3170"}],"version-history":[{"count":2,"href":"https:\/\/www.cti-commission.fr\/en\/wp-json\/wp\/v2\/posts\/3170\/revisions"}],"predecessor-version":[{"id":3873,"href":"https:\/\/www.cti-commission.fr\/en\/wp-json\/wp\/v2\/posts\/3170\/revisions\/3873"}],"wp:attachment":[{"href":"https:\/\/www.cti-commission.fr\/en\/wp-json\/wp\/v2\/media?parent=3170"}],"wp:term":[{"taxonomy":"category","embeddable":true,"href":"https:\/\/www.cti-commission.fr\/en\/wp-json\/wp\/v2\/categories?post=3170"},{"taxonomy":"post_tag","embeddable":true,"href":"https:\/\/www.cti-commission.fr\/en\/wp-json\/wp\/v2\/tags?post=3170"}],"curies":[{"name":"wp","href":"https:\/\/api.w.org\/{rel}","templated":true}]}}