{"id":3001,"date":"2016-04-20T17:02:53","date_gmt":"2016-04-20T15:02:53","guid":{"rendered":"https:\/\/www.cti-commission.fr\/2016\/04\/20\/intervention-de-la-cti-au-colloque-eduquer-et-former-au-monde-de-demain"},"modified":"2017-11-08T16:17:04","modified_gmt":"2017-11-08T15:17:04","slug":"intervention-de-la-cti-au-colloque-eduquer-et-former-au-monde-de-demain","status":"publish","type":"post","link":"https:\/\/www.cti-commission.fr\/en\/intervention-de-la-cti-au-colloque-eduquer-et-former-au-monde-de-demain","title":{"rendered":"Intervention de la CTI au colloque &#8220;\u00c9duquer\u00a0et Former au monde de demain&#8221;"},"content":{"rendered":"<p>La CTI est intervenue\u00a0lors de la seconde \u00e9dition de ce colloque, organis\u00e9e autour du th\u00e8me &#8220;De la cr\u00e9ativit\u00e9 \u00e0 l\u2019innovation dans les dispositifs et les\u00a0pratiques p\u00e9dagogiques et professionnelles&#8221;.<\/p>\n<p>Cette intervention e eu lieu le jeudi 7 Avril 2016 dans le cadre de la\u00a0s\u00e9rie d\u2019ateliers de communication (atelier 22), autour de l&#8217;article\u00a0<br \/>\n&#8220;Evolution des comp\u00e9tences des ing\u00e9nieurs: le d\u00e9veloppement durable, l&#8217;innovation, la sant\u00e9\u00a0s\u00e9curit\u00e9 au travail.&#8221; Anne-Marie Jolly et Julie Nolland, Commission des Titres d&#8217;Ing\u00e9nieur.<\/p>\n","protected":false},"excerpt":{"rendered":"<p>La CTI est intervenue\u00a0lors de la seconde \u00e9dition de ce colloque, organis\u00e9e autour du th\u00e8me &#8220;De la cr\u00e9ativit\u00e9 \u00e0 l\u2019innovation dans les dispositifs et les\u00a0pratiques p\u00e9dagogiques et professionnelles&#8221;. Cette intervention &hellip; <a href=\"https:\/\/www.cti-commission.fr\/en\/intervention-de-la-cti-au-colloque-eduquer-et-former-au-monde-de-demain\" class=\"more-link\">Continue reading<span class=\"screen-reader-text\"> &#8220;Intervention de la CTI au colloque &#8220;\u00c9duquer\u00a0et Former au monde de demain&#8221;&#8221;<\/span><\/a><\/p>\n","protected":false},"author":26,"featured_media":0,"comment_status":"closed","ping_status":"open","sticky":false,"template":"","format":"standard","meta":{"_price":"","_stock":"","_tribe_ticket_header":"","_tribe_default_ticket_provider":"","_tribe_ticket_capacity":"0","_ticket_start_date":"","_ticket_end_date":"","_tribe_ticket_show_description":"","_tribe_ticket_show_not_going":false,"_tribe_ticket_use_global_stock":"","_tribe_ticket_global_stock_level":"","_global_stock_mode":"","_global_stock_cap":"","_tribe_rsvp_for_event":"","_tribe_ticket_going_count":"","_tribe_ticket_not_going_count":"","_tribe_tickets_list":"[]","_tribe_ticket_has_attendee_info_fields":false,"footnotes":""},"categories":[14,12,422,399],"tags":[],"class_list":["post-3001","post","type-post","status-publish","format-standard","hentry","category-communications-evenements","category-actualites","category-evenements-externes","category-publications-et-contributions-a-des-evenements-nationaux-et-internationaux"],"translation":{"provider":"WPGlobus","version":"3.0.2","language":"en","enabled_languages":["fr","en"],"languages":{"fr":{"title":true,"content":true,"excerpt":false},"en":{"title":false,"content":false,"excerpt":false}}},"_links":{"self":[{"href":"https:\/\/www.cti-commission.fr\/en\/wp-json\/wp\/v2\/posts\/3001","targetHints":{"allow":["GET"]}}],"collection":[{"href":"https:\/\/www.cti-commission.fr\/en\/wp-json\/wp\/v2\/posts"}],"about":[{"href":"https:\/\/www.cti-commission.fr\/en\/wp-json\/wp\/v2\/types\/post"}],"author":[{"embeddable":true,"href":"https:\/\/www.cti-commission.fr\/en\/wp-json\/wp\/v2\/users\/26"}],"replies":[{"embeddable":true,"href":"https:\/\/www.cti-commission.fr\/en\/wp-json\/wp\/v2\/comments?post=3001"}],"version-history":[{"count":1,"href":"https:\/\/www.cti-commission.fr\/en\/wp-json\/wp\/v2\/posts\/3001\/revisions"}],"predecessor-version":[{"id":5392,"href":"https:\/\/www.cti-commission.fr\/en\/wp-json\/wp\/v2\/posts\/3001\/revisions\/5392"}],"wp:attachment":[{"href":"https:\/\/www.cti-commission.fr\/en\/wp-json\/wp\/v2\/media?parent=3001"}],"wp:term":[{"taxonomy":"category","embeddable":true,"href":"https:\/\/www.cti-commission.fr\/en\/wp-json\/wp\/v2\/categories?post=3001"},{"taxonomy":"post_tag","embeddable":true,"href":"https:\/\/www.cti-commission.fr\/en\/wp-json\/wp\/v2\/tags?post=3001"}],"curies":[{"name":"wp","href":"https:\/\/api.w.org\/{rel}","templated":true}]}}