{"id":2992,"date":"2016-03-09T00:00:00","date_gmt":"2016-03-08T23:00:00","guid":{"rendered":"https:\/\/www.cti-commission.fr\/2016\/03\/09\/seance-pleniere-du-8-mars-2016"},"modified":"2016-03-09T00:00:00","modified_gmt":"2016-03-08T23:00:00","slug":"seance-pleniere-du-8-mars-2016","status":"publish","type":"post","link":"https:\/\/www.cti-commission.fr\/en\/seance-pleniere-du-8-mars-2016","title":{"rendered":"S\u00e9ance pl\u00e9ni\u00e8re du 8 mars 2016"},"content":{"rendered":"<p><strong>1\/ Suivi p\u00e9riodique du Nord-Est \u2013 Acad\u00e9mie d\u2019AMIENS<br \/>\n(habilitation \u00e0 compter de la rentr\u00e9e 2016)<\/strong><\/p>\n<p><strong>Universit\u00e9 de technologie de Compi\u00e8gne (UTC)<\/strong><br \/>\nAvis favorable au renouvellement, pour la dur\u00e9e restreinte de 3 ans \u00e0 compter du 1er septembre 2016, de l\u2019accr\u00e9ditation de l\u2019Universit\u00e9 de technologie de Compi\u00e8gne \u00e0 d\u00e9livrer le titre suivant :<br \/>\n<br \/>&nbsp;Ing\u00e9nieur dipl\u00f4m\u00e9 de l\u2019Universit\u00e9 de technologie de Compi\u00e8gne, dans les 5 sp\u00e9cialit\u00e9s &#8211; G\u00e9nie biologique \u2013 G\u00e9nie des proc\u00e9d\u00e9s \u2013 M\u00e9canique \u2013 Informatique \u2013 G\u00e9nie urbain (nouvel intitul\u00e9 en remplacement de Syst\u00e8mes urbains), en formation initiale sous statut d\u2019\u00e9tudiant ainsi qu\u2019en formation continue.<br \/>\nAvis favorable au renouvellement, assorti d\u2019injonctions, pour la dur\u00e9e restreinte de 1 an \u00e0 compter du 1er septembre 2016, de l\u2019accr\u00e9ditation de l\u2019Universit\u00e9 de technologie de Compi\u00e8gne \u00e0 d\u00e9livrer le titre suivant :<br \/>\n<br \/>&nbsp;Ing\u00e9nieur dipl\u00f4m\u00e9 de l\u2019Universit\u00e9 de technologie de Compi\u00e8gne, dans les 2 sp\u00e9cialit\u00e9s \u2013 M\u00e9canique \u2013 Informatique, en formation initiale sous statut d\u2019apprenti.<br \/>\n(AVIS N\u00b0 2016\/03-01)<\/p>\n<p><strong>\u00c9cole sup\u00e9rieure de chimie organique et min\u00e9rale (ESCOM)<\/strong><br \/>\nD\u00e9cision de renouvellement, pour la dur\u00e9e maximale de 6 ans \u00e0 compter du 1er septembre 2016, de l\u2019habilitation de l\u2019Ecole sup\u00e9rieure de chimie organique et min\u00e9rale \u00e0 d\u00e9livrer le titre suivant :<br \/>\n<br \/>&nbsp;Ing\u00e9nieur dipl\u00f4m\u00e9 de l\u2019\u00c9cole sup\u00e9rieure de chimie organique et min\u00e9rale, en formation initiale sous statut d\u2019\u00e9tudiant et d\u2019apprenti.<br \/>\nCette habilitation est \u00e9tendue \u00e0 la formation continue (nouvelle habilitation).<br \/>\n(DECISION N\u00b0 2016\/03-02)<\/p>\n<p><strong>2\/ Suivi g\u00e9n\u00e9ral des habilitations<\/strong><\/p>\n<p><strong>Institut sup\u00e9rieur des mat\u00e9riaux du Mans (ISMANS)<\/strong><br \/>\nLa Commission prend acte du projet d\u2019\u00e9volution institutionnelle de l\u2019\u00e9tablissement \u00e0 partir du 1er septembre 2016.<br \/>\nEn cons\u00e9quence, sous r\u00e9serve de recevoir avant le 1er septembre 2016 les nouveaux statuts de l\u2019association gestionnaire ainsi que les conventions avec les partenaires envisag\u00e9s, elle d\u00e9cide le renouvellement, pour la dur\u00e9e restreinte de 3 ans \u00e0 compter du 1er septembre 2016, de l\u2019habilitation de l\u2019Institut sup\u00e9rieur des mat\u00e9riaux du Mans \u00e0 d\u00e9livrer le titre suivant :<br \/>\n<br \/>&nbsp;Ing\u00e9nieur dipl\u00f4m\u00e9 de l\u2019Institut sup\u00e9rieur des mat\u00e9riaux du Mans, en formation initiale sous statut d\u2019\u00e9tudiant.<br \/>\nL\u2019\u00e9tablissement devra transmettre, en Mars 2017, au d\u00e9partement des \u00e9coles sup\u00e9rieures et de l\u2019enseignement sup\u00e9rieur priv\u00e9 de la DGESIP, en charge du Greffe de la CTI, un rapport interm\u00e9diaire sur le fonctionnement dans le nouveau cadre.<br \/>\n(DECISION N\u00b0 2016\/03-03)<\/p>\n<p><strong>Groupe IONIS<br \/>\n<br \/>&nbsp;Institut polytechnique des sciences avanc\u00e9es (IPSA)<\/strong><br \/>\nD\u00e9cision de renouvellement, assortie d\u2019injonctions, pour la dur\u00e9e restreinte de 2 ans \u00e0 compter du 1er septembre 2016, de l\u2019habilitation de l\u2019Institut polytechnique des sciences avanc\u00e9es \u00e0 d\u00e9livrer le titre suivant :<br \/>\n<br \/>&nbsp;Ing\u00e9nieur dipl\u00f4m\u00e9 de l\u2019Institut polytechnique des sciences avanc\u00e9es, en formation initiale sous statut d\u2019\u00e9tudiant (formation sur le site d\u2019Ivry-sur-Seine).<br \/>\nD\u00e9cision d\u00e9favorable \u00e0 la mise en place des 4\u00e8me et 5\u00e8me ann\u00e9es sur le site de Toulouse.<br \/>\n(DECISION N\u00b0 2016\/03-04)<\/p>\n<p><strong>3\/ D\u00e9veloppement de l\u2019apprentissage<\/strong><br \/>\n<strong>Apr\u00e8s avoir pris acte de la d\u00e9cision d\u2019un conseil <em>r\u00e9gional<\/h2>\n<p><strong>Ecole sup\u00e9rieure d\u2019informatique, \u00e9lectronique, automatique (ESIEA)<\/strong><br \/>\nSuite \u00e0 l\u2019avis donn\u00e9 le 10 novembre 2015 (DECISION N\u00b0 2015\/11-04), la Commission prend acte de la d\u00e9cision du Conseil r\u00e9gional des Pays de la Loire et de la convention avec le CFA assurant le financement.<br \/>\nEn cons\u00e9quence, la Commission d\u00e9cide, pour une dur\u00e9e restreinte \u00e0 2 ans \u00e0 compter du 1er septembre 2016, l\u2019extension \u00e0 la voie de l\u2019apprentissage de la pr\u00e9paration du titre suivant :<br \/>\n<br \/>&nbsp;Ing\u00e9nieur dipl\u00f4m\u00e9 de l\u2019Ecole sup\u00e9rieure, d\u2019informatique, \u00e9lectronique, automatique<br \/>\n(formation sur le site de Laval).<br \/>\nLes premiers dipl\u00f4mes pr\u00e9par\u00e9s par les apprentis seront d\u00e9livr\u00e9s \u00e0 l\u2019issue de l\u2019ann\u00e9e universitaire 2018-2019.<br \/>\n(DECISION N\u00b0 2016\/03-05)<br \/>\n<strong><br \/>\n4\/ Examen de rapports interm\u00e9diaires<\/p>\n<p>Ecole sp\u00e9ciale des travaux publics du b\u00e2timent et de l\u2019industrie (ESTP)<\/strong><br \/>\nLa Commission prend acte favorablement du rapport interm\u00e9diaire, demand\u00e9 lors du suivi p\u00e9riodique (DECISION N\u00b0 2012\/02-02), portant sur la mise en oeuvre de la d\u00e9marche qualit\u00e9 et du suivi de l\u2019emploi des dipl\u00f4m\u00e9s par sp\u00e9cialit\u00e9.<br \/>\nPar ailleurs, compte tenu de la nouvelle implantation g\u00e9ographique du si\u00e8ge de l\u2019\u00e9tablissement, et du calendrier du suivi p\u00e9riodique correspondant, l\u2019habilitation en cours est prolong\u00e9e d\u2019une ann\u00e9e et se poursuit jusqu\u2019\u00e0 la fin de l\u2019ann\u00e9e universitaire 2018-2019.<br \/>\n(DECISION N\u00b0 2016\/03-06)<\/p>\n<p><strong>ECAM-EPMI<\/strong><br \/>\nLa Commission prend acte favorablement du rapport interm\u00e9diaire, demand\u00e9 lors du suivi p\u00e9riodique (DECISION N\u00b0 2012\/12-04), portant sur le suivi des recommandations et plus particuli\u00e8rement sur le placement des apprentis (DECISION N\u00b0 2016\/03-07).<\/p>\n","protected":false},"excerpt":{"rendered":"<p>La Commission des titres d\u2019ing\u00e9nieur s\u2019est r\u00e9unie en s\u00e9ance pl\u00e9ni\u00e8re le 8 mars 2016, \u00e0 Paris, sous la pr\u00e9sidence de Laurent MAHIEU. Le pr\u00e9sident a tout d\u2019abord rendu hommage \u00e0 No\u00ebl CLAVELLOUX, ancien membre de la Commission, d\u00e9c\u00e9d\u00e9 accidentellement. La Commission a ensuite :<br \/>\n<br \/>&nbsp;adopt\u00e9 le proc\u00e8s-verbal de la s\u00e9ance pl\u00e9ni\u00e8re du 10 f\u00e9vrier 2016, ainsi que le relev\u00e9 de conclusions correspondant, l\u2019adoption des avis et d\u00e9cisions \u00e9tant report\u00e9e \u00e0 la s\u00e9ance pl\u00e9ni\u00e8re des 12 et 13 avril 2016.<br \/>\n<br \/>&nbsp;approuv\u00e9 la d\u00e9lib\u00e9ration n\u00b0 2016\/03-01 relative aux focus.<br \/>\n<br \/>&nbsp;approuv\u00e9, sur proposition d\u2019Agn\u00e8s SMITH et Delphin RIVIERE, diverses modifications de missions d\u2019audit de la campagne 2016-2017.<\/p>\n<p>La Commission a \u00e9galement pris connaissance de diff\u00e9rentes informations : Quelques points d\u2019attention sur les processus d\u2019audit \u2013 Evolution de la subvention minist\u00e9rielle \u2013 Rencontre avec le CNEFOP \u2013 D\u00e9veloppement de l\u2019\u00e9quipe permanente \u2013 Journ\u00e9e de formation des experts le 9 mai 1016 \u2013 Journ\u00e9e d\u2019\u00e9tudes du 30 ao\u00fbt 2016 \u2013 Lieu du Colloque 2017.<\/p>\n<p>Puis, la Commission a donn\u00e9 des avis et pris des d\u00e9cisions :<\/p>\n","protected":false},"author":4,"featured_media":0,"comment_status":"closed","ping_status":"open","sticky":false,"template":"","format":"standard","meta":{"_price":"","_stock":"","_tribe_ticket_header":"","_tribe_default_ticket_provider":"","_tribe_ticket_capacity":"0","_ticket_start_date":"","_ticket_end_date":"","_tribe_ticket_show_description":"","_tribe_ticket_show_not_going":false,"_tribe_ticket_use_global_stock":"","_tribe_ticket_global_stock_level":"","_global_stock_mode":"","_global_stock_cap":"","_tribe_rsvp_for_event":"","_tribe_ticket_going_count":"","_tribe_ticket_not_going_count":"","_tribe_tickets_list":"[]","_tribe_ticket_has_attendee_info_fields":false,"footnotes":""},"categories":[19],"tags":[],"class_list":["post-2992","post","type-post","status-publish","format-standard","hentry","category-assemblees-plenieres-releves-de-conclusions-avis-et-decisions-concernant-les-formations"],"translation":{"provider":"WPGlobus","version":"3.0.2","language":"en","enabled_languages":["fr","en"],"languages":{"fr":{"title":true,"content":true,"excerpt":true},"en":{"title":false,"content":false,"excerpt":false}}},"_links":{"self":[{"href":"https:\/\/www.cti-commission.fr\/en\/wp-json\/wp\/v2\/posts\/2992","targetHints":{"allow":["GET"]}}],"collection":[{"href":"https:\/\/www.cti-commission.fr\/en\/wp-json\/wp\/v2\/posts"}],"about":[{"href":"https:\/\/www.cti-commission.fr\/en\/wp-json\/wp\/v2\/types\/post"}],"author":[{"embeddable":true,"href":"https:\/\/www.cti-commission.fr\/en\/wp-json\/wp\/v2\/users\/4"}],"replies":[{"embeddable":true,"href":"https:\/\/www.cti-commission.fr\/en\/wp-json\/wp\/v2\/comments?post=2992"}],"version-history":[{"count":0,"href":"https:\/\/www.cti-commission.fr\/en\/wp-json\/wp\/v2\/posts\/2992\/revisions"}],"wp:attachment":[{"href":"https:\/\/www.cti-commission.fr\/en\/wp-json\/wp\/v2\/media?parent=2992"}],"wp:term":[{"taxonomy":"category","embeddable":true,"href":"https:\/\/www.cti-commission.fr\/en\/wp-json\/wp\/v2\/categories?post=2992"},{"taxonomy":"post_tag","embeddable":true,"href":"https:\/\/www.cti-commission.fr\/en\/wp-json\/wp\/v2\/tags?post=2992"}],"curies":[{"name":"wp","href":"https:\/\/api.w.org\/{rel}","templated":true}]}}