{"id":2847,"date":"2015-09-28T12:37:24","date_gmt":"2015-09-28T10:37:24","guid":{"rendered":"https:\/\/www.cti-commission.fr\/2015\/09\/28\/intervention-de-laurent-mahieu-a-l"},"modified":"2017-11-08T16:17:04","modified_gmt":"2017-11-08T15:17:04","slug":"intervention-de-laurent-mahieu-a-l","status":"publish","type":"post","link":"https:\/\/www.cti-commission.fr\/en\/intervention-de-laurent-mahieu-a-l","title":{"rendered":"Intervention de Laurent Mahieu \u00e0 l\u2019assembl\u00e9e g\u00e9n\u00e9rale de la CDEFI le 18 septembre 2015"},"content":{"rendered":"<p><strong>MAI 2015 : Conf\u00e9rence de Yerevan, Bologne et ESG <\/strong> <\/p>\n<p>Lors de cette conf\u00e9rence des ministres de l\u2019Espace Europ\u00e9en de l\u2019Enseignement Sup\u00e9rieur (EEES), deux d\u00e9cisions impactent directement les \u00e9coles d\u2019ing\u00e9nieur fran\u00e7aises :<br \/>\n\u2022\tL\u2019approbation d\u2019une nouvelle version des ESG relatifs \u00e0 l\u2019assurance qualit\u00e9<br \/>\n\u2022\tLa prise en charge par la France du secr\u00e9tariat du processus de Bologne<\/p>\n<p>Sous l\u2019impulsion de la Cti notamment, les \u00e9coles ont rapidement dans l\u2019ensemble agi pour la mise en \u0153uvre de ce cadre europ\u00e9en (semestrialisation, ECTS et approche comp\u00e9tences, internationalisation\u2026). Le fait que la France assure d\u00e9sormais le secr\u00e9tariat du processus nous presse d\u2019agir avec exemplarit\u00e9 dans la prise en compte notamment de la nouvelle version des ESG (European Standards and Guidelines).<\/p>\n<p>Ces r\u00e9f\u00e9rences et lignes directrices pour l\u2019assurance qualit\u00e9 dans l\u2019EEES se d\u00e9clinent selon trois axes :<br \/>\n\u2022\tL\u2019assurance qualit\u00e9 interne aux \u00e9coles<br \/>\n\u2022\tL\u2019assurance qualit\u00e9 externe des \u00e9coles (et donc l\u2019accr\u00e9ditation par la Cti)<br \/>\n\u2022\tL\u2019assurance qualit\u00e9 des agences elles-m\u00eames<\/p>\n<p>Une traduction fran\u00e7aise a \u00e9t\u00e9 r\u00e9alis\u00e9e par R\u00e9seau francophone des agences qualit\u00e9 pour l\u2019enseignement sup\u00e9rieur, le r\u00e9seau FrAQ-Sup : elle est disponible en ligne !<br \/>\nSur le site de la CTI <a href=\"http:\/\/cti-commission.fr\/Traduction-francaise-des-Standards\">ici <\/a> et sur celui d\u2019ENQA <a href=\"http:\/\/www.enqa.eu\/index.php\/home\/esg\/\">ici<\/a><\/p>\n<p>Concernant les \u00e9coles, les changements majeurs sont relatifs la place centrale de l\u2019\u00e9l\u00e8ve ing\u00e9nieur : il doit \u00eatre mis en situation d\u2019apprentissage actif (ESG.1.3) et l\u2019\u00e9cole doit veiller \u00e0 son suivi tout au long de sa formation (ESG.1.4) du recrutement \u00e0 l\u2019insertion professionnelle.<\/p>\n<p>La Cti est totalement partie prenante de la mise en \u0153uvre de ces nouvelles r\u00e9f\u00e9rences et lignes d\u2019action, comme en t\u00e9moignent son renouvellement comme \u00ab full member \u00bb d\u2019ENQA puis sa r\u00e9inscription cons\u00e9cutive au registre EQAR en 2014.  Ses propres r\u00e9f\u00e9rences et modes d\u2019\u00e9valuation tiendront compte de ces ESG revisit\u00e9s. <\/p>\n<p><strong>JUIN 2015 : CDEFI et CTI ; ENAEE et EUR-ACE<\/strong><\/p>\n<p>Lors du colloque CDEFI \u00e0 Rouen, la CDEFI et la CTI ont renouvel\u00e9 leur convention de gestion dans un objectif de transparence accrue et d\u2019am\u00e9lioration du travail commun. <\/p>\n<p>En juin \u00e9galement, ENAEE examine le rapport de la mission d\u2019\u00e9valuation de la Cti en vue du renouvellement de son autorisation \u00e0 d\u00e9livrer le label EUR-ACE. L\u2019information officielle vient de nous parvenir : la Cti est de nouveau autoris\u00e9e par ENAEE pour \u00e0 d\u00e9livrer le label EUR-ACE Master, et ce jusqu\u2019\u00e0 la fin de l\u2019ann\u00e9e 2019.<\/p>\n<p>Cette accr\u00e9ditation est assortie de recommandations qui portent essentiellement sur la n\u00e9cessit\u00e9 d\u2019\u00e9valuer l\u2019\u00e9valuation des \u00e9l\u00e8ves et de v\u00e9rifier ainsi que les \u00e9coles sont en mesure de certifier l\u2019acquisition des comp\u00e9tences par les \u00e9l\u00e8ves. <\/p>\n<p><strong>JUILLET 2015 : Financement de la formation professionnelle et d\u00e9cret QUALITE<\/strong><\/p>\n<p>Parution le 30 juin du \u00ab d\u00e9cret Qualit\u00e9 \u00bb relatif \u00e0 l\u2019assurance qualit\u00e9 des organismes de formation professionnelle continue.<\/p>\n<p>D\u00e8s 2017, pour que leurs formations soient finan\u00e7ables par les fonds de la formation professionnelle, ces organismes devront attester b\u00e9n\u00e9ficier d\u2019une certification qualit\u00e9 portant sur 6 domaines et r\u00e9alis\u00e9e par une agence d\u2019assurance qualit\u00e9 figurant sur une liste nationale.<\/p>\n<p>Ceci concerne bien \u00e9videmment les \u00e9coles d\u2019ing\u00e9nieur \u2026 et la Cti, ne serait-ce que pour les formations d\u2019ing\u00e9nieur ouvertes \u00e0 la voie de la formation continue et pour le financement du contrat de professionnalisation.<\/p>\n<p>Les 6 domaines sur lesquels porte la certification qualit\u00e9 sont totalement int\u00e9gr\u00e9s dans les ESG.1 : aussi l\u2019accr\u00e9ditation par la Cti emporterait cette certification. Il importe donc que la Cti figure bien sur la future liste nationale. La Cti s\u2019y emploie et a pris les contacts.<\/p>\n<p><strong>SEPTEMBRE 2015 : R&#038;0 2016 en chantier<\/strong><\/p>\n<p>La r\u00e9\u00e9criture de R&#038;0 rentre dans une phase de dialogue avec les parties prenantes.<br \/>\nLa r\u00e9organisation des contenus et le toilettage des textes se concentrent actuellement sur les 3 premiers \u00ab livres \u00bb : le livre 1 pr\u00e9sente les crit\u00e8res majeurs d\u2019accr\u00e9ditation et le profil de comp\u00e9tences de l\u2019ing\u00e9nieur, le livre 2 pr\u00e9sente les proc\u00e9dures d\u2019accr\u00e9ditation, le livre 3 constitue le guide d\u2019auto \u00e9valuation. La lisibilit\u00e9 a \u00e9t\u00e9 recherch\u00e9e en vue d\u2019\u00e9viter les redondances sources d\u2019erreur ou d\u2019incompr\u00e9hensions.<\/p>\n<p>Des inflexions sont apport\u00e9es notamment sur le profil de comp\u00e9tences des ing\u00e9nieurs, pour aller de pair avec celles du profil EUR-ACE. Des pr\u00e9cisions ont \u00e9t\u00e9 apport\u00e9es sur le contenu des champs de comp\u00e9tences suivants : recherche \/ innovation \/ d\u00e9veloppement durable \/ international.<\/p>\n<p>Les d\u00e9lib\u00e9rations de la Cti sont int\u00e9gr\u00e9es de m\u00eame que certains \u00e9l\u00e9ments issus des ESG1.<\/p>\n<p><strong>OCTOBRE 2015 : nouvelle campagne CTI<\/strong><\/p>\n<p>Les d\u00e9cisions de l\u2019ann\u00e9e \u00e9coul\u00e9e entrent dans une phase plus active qu\u2019il s\u2019agisse de la mise en \u0153uvre de l\u2019agenda quinquennal ou de l\u2019application de la d\u00e9lib\u00e9ration relative \u00e0 la nomenclature des sp\u00e9cialit\u00e9s ou de celle relative aux rapports interm\u00e9diaires.<\/p>\n<p>Des proc\u00e9dures un peu plus anciennes s\u2019installent dans le dialogue Cti \u2013 \u00e9coles : la proc\u00e9dure de lettre d\u2019intention pilot\u00e9e par le Greffe ; celle des fiches de donn\u00e9es certifi\u00e9es <\/p>\n<p>Des pistes de simplification sont en cours d\u2019identification (cf. l\u2019extension d\u2019habilitation \u00e0 la formation continue) de m\u00eame que le suivi des recommandations ENQA est mis \u00e0 l\u2019\u00e9tude (mise en place syst\u00e9matique d\u2019un rapport interm\u00e9diaire concernant le suivi des recommandations ?).<\/p>\n<p>Cependant, le travail d\u2019articulation du format des dossiers d\u2019\u00e9valuation avec le HCERES sera repris d\u00e8s la mise en place de la nouvelle instance de gouvernance.<\/p>\n<p><strong>Les directeurs d\u2019\u00e9coles pr\u00e9sents ont \u00e9voqu\u00e9s notamment :<em><\/h2>\n<p>La mise en \u0153uvre du label CeQuint ; le d\u00e9veloppement de l\u2019accr\u00e9ditation Cti \u00e0 l\u2019international et l\u2019usage des donn\u00e9es certifi\u00e9es \u00e0 destination des classements \u00e9tablis par les organes de presse.<\/p>\n<p><strong>Perspectives ult\u00e9rieures : quelques colloques en France \u00e0 ne pas manquer<\/strong><\/p>\n<p>\u2022\tLes 5 et 6 novembre : l\u2019assurance qualit\u00e9 des formations transnationales organis\u00e9 par le HCERES dans le cadre d\u2019un projet europ\u00e9en port\u00e9 par ENQA<\/p>\n<p>\u2022\tLe 3 d\u00e9cembre : cr\u00e9ativit\u00e9, innovation dans les formations d\u2019ing\u00e9nieur, organis\u00e9 par le r\u00e9seau INGENIUM<\/p>\n<p>\u2022\tLes 8 et 9 f\u00e9vrier, \u00e0 Limoges : s\u00e9minaire international et colloque annuel de la CTI<\/p>\n<p>\u2022\tLe 26 mai, \u00e0 Bruxelles : l\u2019apprentissage actif (ESG.1.3) colloque annuel du r\u00e9seau FrAQ-Sup<br \/>\n<code><\/code><\/p>\n","protected":false},"excerpt":{"rendered":"<p>Le Pr\u00e9sident de la CTI pr\u00e9sente les points d\u2019attention et d\u2019actualit\u00e9 dans un environnement qui change<\/p>\n","protected":false},"author":26,"featured_media":2846,"comment_status":"closed","ping_status":"open","sticky":false,"template":"","format":"standard","meta":{"_price":"","_stock":"","_tribe_ticket_header":"","_tribe_default_ticket_provider":"","_tribe_ticket_capacity":"0","_ticket_start_date":"","_ticket_end_date":"","_tribe_ticket_show_description":"","_tribe_ticket_show_not_going":false,"_tribe_ticket_use_global_stock":"","_tribe_ticket_global_stock_level":"","_global_stock_mode":"","_global_stock_cap":"","_tribe_rsvp_for_event":"","_tribe_ticket_going_count":"","_tribe_ticket_not_going_count":"","_tribe_tickets_list":"[]","_tribe_ticket_has_attendee_info_fields":false,"footnotes":""},"categories":[14,12,422],"tags":[],"class_list":["post-2847","post","type-post","status-publish","format-standard","has-post-thumbnail","hentry","category-communications-evenements","category-actualites","category-evenements-externes"],"translation":{"provider":"WPGlobus","version":"3.0.2","language":"en","enabled_languages":["fr","en"],"languages":{"fr":{"title":true,"content":true,"excerpt":true},"en":{"title":false,"content":false,"excerpt":false}}},"_links":{"self":[{"href":"https:\/\/www.cti-commission.fr\/en\/wp-json\/wp\/v2\/posts\/2847","targetHints":{"allow":["GET"]}}],"collection":[{"href":"https:\/\/www.cti-commission.fr\/en\/wp-json\/wp\/v2\/posts"}],"about":[{"href":"https:\/\/www.cti-commission.fr\/en\/wp-json\/wp\/v2\/types\/post"}],"author":[{"embeddable":true,"href":"https:\/\/www.cti-commission.fr\/en\/wp-json\/wp\/v2\/users\/26"}],"replies":[{"embeddable":true,"href":"https:\/\/www.cti-commission.fr\/en\/wp-json\/wp\/v2\/comments?post=2847"}],"version-history":[{"count":1,"href":"https:\/\/www.cti-commission.fr\/en\/wp-json\/wp\/v2\/posts\/2847\/revisions"}],"predecessor-version":[{"id":5402,"href":"https:\/\/www.cti-commission.fr\/en\/wp-json\/wp\/v2\/posts\/2847\/revisions\/5402"}],"wp:featuredmedia":[{"embeddable":true,"href":"https:\/\/www.cti-commission.fr\/en\/wp-json\/wp\/v2\/media\/2846"}],"wp:attachment":[{"href":"https:\/\/www.cti-commission.fr\/en\/wp-json\/wp\/v2\/media?parent=2847"}],"wp:term":[{"taxonomy":"category","embeddable":true,"href":"https:\/\/www.cti-commission.fr\/en\/wp-json\/wp\/v2\/categories?post=2847"},{"taxonomy":"post_tag","embeddable":true,"href":"https:\/\/www.cti-commission.fr\/en\/wp-json\/wp\/v2\/tags?post=2847"}],"curies":[{"name":"wp","href":"https:\/\/api.w.org\/{rel}","templated":true}]}}