{"id":2785,"date":"2015-04-16T00:00:00","date_gmt":"2015-04-15T22:00:00","guid":{"rendered":"https:\/\/www.cti-commission.fr\/2015\/04\/16\/seance-pleniere-des-14-et-15-avril"},"modified":"2015-04-16T00:00:00","modified_gmt":"2015-04-15T22:00:00","slug":"seance-pleniere-des-14-et-15-avril","status":"publish","type":"post","link":"https:\/\/www.cti-commission.fr\/en\/seance-pleniere-des-14-et-15-avril","title":{"rendered":"S\u00e9ance pl\u00e9ni\u00e8re des 14 et 15 avril 2015"},"content":{"rendered":"<p>1\/ Suivi p\u00e9riodique du Sud-Est \u2013 Acad\u00e9mies de Clermont-Ferrand, Lyon, Marseille et<br \/>\nMontpellier (habilitation \u00e0 compter de la rentr\u00e9e 2015)<\/p>\n<p>Ecole nationale sup\u00e9rieure de chimie de Clermont-Ferrand (ENSCCF)<br \/>\nAvis favorable au renouvellement, pour la dur\u00e9e maximale de 6 ans \u00e0 compter du 1er septembre 2015, de l\u2019accr\u00e9ditation de l\u2019Ecole nationale sup\u00e9rieure de chimie de Clermont-Ferrand \u00e0 d\u00e9livrer le titre suivant :<br \/>\n<br \/>&nbsp;Ing\u00e9nieur dipl\u00f4m\u00e9 de l\u2019Ecole nationale sup\u00e9rieure de chimie de Clermont-Ferrand.<br \/>\nen formation initiale sous statut d\u2019\u00e9tudiant.<br \/>\nPar ailleurs, l\u2019Etablissement demande l\u2019extension \u00e0 la formation continue de la pr\u00e9paration du titre d\u2019ing\u00e9nieur dipl\u00f4m\u00e9.<br \/>\n(voir \u2026 3\/ D\u00e9veloppement de l\u2019apprentissage et de la formation continue)<br \/>\n(AVIS N\u00b0 2015\/04-01)<\/p>\n<p>&nbsp;Institut fran\u00e7ais de m\u00e9canique avanc\u00e9e (IFMA)<br \/>\nAvis favorable au renouvellement, pour la dur\u00e9e maximale de 6 ans \u00e0 compter du 1er septembre 2015, de l\u2019accr\u00e9ditation de l\u2019Institut fran\u00e7ais de m\u00e9canique avanc\u00e9e \u00e0 d\u00e9livrer les titres suivants :<br \/>\n<br \/>&nbsp;Ing\u00e9nieur dipl\u00f4m\u00e9 de l\u2019Institut fran\u00e7ais de m\u00e9canique avanc\u00e9e, en formation initiale sous statut d\u2019\u00e9tudiant.<br \/>\n<br \/>&nbsp;Ing\u00e9nieur dipl\u00f4m\u00e9 de l\u2019Institut fran\u00e7ais de m\u00e9canique avanc\u00e9e, sp\u00e9cialit\u00e9 G\u00e9nie industriel, en partenariat avec l\u2019ITII Auvergne<br \/>\nen formation initiale sous statut d\u2019apprenti ainsi qu\u2019en formation continue.<br \/>\n(AVIS N\u00b0 2015\/04-02)<\/p>\n<p>&nbsp;Ecole d\u2019ing\u00e9nieurs en chimie, physique et \u00e9lectronique de Lyon (CPE Lyon)<br \/>\nD\u00e9cision de renouvellement, pour la dur\u00e9e maximale de 6 ans \u00e0 compter du 1er septembre 2015, de l\u2019habilitation de l\u2019Ecole d\u2019ing\u00e9nieurs en chimie, physique et \u00e9lectronique de Lyon \u00e0 d\u00e9livrer chacun des 3 titres suivants :<br \/>\n<br \/>&nbsp;Ing\u00e9nieur dipl\u00f4m\u00e9 de l\u2019Ecole d\u2019ing\u00e9nieurs en chimie, physique et \u00e9lectronique de Lyon, dans les 2 sp\u00e9cialit\u00e9s \u2013 Chimie-g\u00e9nie des proc\u00e9d\u00e9s \u2013 Electronique-informatique (nouvel intitul\u00e9 rempla\u00e7ant Electronique) en formation initiale sous statut d\u2019\u00e9tudiant ainsi qu\u2019en formation continue.<br \/>\n<br \/>&nbsp;Ing\u00e9nieur dipl\u00f4m\u00e9 de l\u2019Ecole d\u2019ing\u00e9nieurs en chimie, physique et \u00e9lectronique de Lyon, sp\u00e9cialit\u00e9 Informatique et r\u00e9seaux de communication, en partenariat avec l\u2019ITII de Lyon, en formation initiale sous statut d\u2019apprenti ainsi qu\u2019en formation continue.<br \/>\n(DECISION N\u00b0 2015\/04-03)<\/p>\n<p>Institut textile et chimique de Lyon (ITECH Lyon)<br \/>\nD\u00e9cision de renouvellement, pour la dur\u00e9e maximale de 6 ans \u00e0 compter du 1er septembre 2015, de l\u2019habilitation de l\u2019\u00e9tablissement \u00e0 d\u00e9livrer le titre suivant :<br \/>\n<br \/>&nbsp;Ing\u00e9nieur dipl\u00f4m\u00e9 de l\u2019Institut textile et chimique de Lyon,<br \/>\nen formation initiale sous statut d\u2019\u00e9tudiant et d\u2019apprenti ainsi qu\u2019en formation continue<br \/>\nL\u2019Etablissement devra transmettre, au plus tard le 30 septembre 2017, au d\u00e9partement des \u00e9coles sup\u00e9rieures et de l\u2019enseignement sup\u00e9rieur priv\u00e9 de la DGESIP, en charge du Greffe de la CTI, un rapport interm\u00e9diaire sur le d\u00e9veloppement et les conditions de fonctionnement de la fili\u00e8re europ\u00e9enne.<br \/>\n(DECISION N\u00b0 2015\/04-04)<\/p>\n<p>Ecole centrale de Marseille (Centrale Marseille)<br \/>\nAvis favorable au renouvellement, pour la dur\u00e9e maximale de 6 ans \u00e0 compter du 1er septembre 2015, de l\u2019accr\u00e9ditation de l\u2019Ecole centrale de Marseille \u00e0 d\u00e9livrer le titre suivant :<br \/>\n<br \/>&nbsp;Ing\u00e9nieur dipl\u00f4m\u00e9 de l\u2019Ecole centrale de Marseille, en formation initiale sous statut d\u2019\u00e9tudiant.<br \/>\nAvis favorable au renouvellement, pour une dur\u00e9e restreinte de 3 ans \u00e0 compter du 1er septembre 2015, de l\u2019accr\u00e9ditation de l\u2019Ecole centrale de Marseille \u00e0 d\u00e9livrer le titre suivant :<br \/>\n<br \/>&nbsp;Ing\u00e9nieur dipl\u00f4m\u00e9 de l\u2019Ecole centrale de Marseille, en formation initiale sous statut d\u2019apprenti.<br \/>\n(AVIS N\u00b0 2015\/04-05)<\/p>\n<p>Centre international d\u2019\u00e9tudes sup\u00e9rieures en sciences agronomiques (Montpellier Sup Agro)<br \/>\nAvis favorable au renouvellement, pour la dur\u00e9e maximale de 5 ans (nouveau calendrier p\u00e9riodique) \u00e0 compter du 1er septembre 2015, de l\u2019accr\u00e9ditation du Centre international d\u2019\u00e9tudes sup\u00e9rieures en sciences<br \/>\nagronomiques \u00e0 d\u00e9livrer le titre suivant :<br \/>\n<br \/>&nbsp;Ing\u00e9nieur dipl\u00f4m\u00e9 du Centre national d\u2019\u00e9tudes sup\u00e9rieures en sciences agronomiques, dans les 2 sp\u00e9cialit\u00e9s \u2013 Agronome \u00e0 vocation g\u00e9n\u00e9rale \u2013 Syst\u00e8mes agricoles et agroalimentaires durables au Sud, en formation initiale sous statut d\u2019\u00e9tudiant ainsi qu\u2019en formation continue.<br \/>\nPar ailleurs, l\u2019Etablissement demande l\u2019extension \u00e0 la voie de l\u2019apprentissage de la pr\u00e9paration du titre d\u2019ing\u00e9nieur dipl\u00f4m\u00e9 dans les 2 sp\u00e9cialit\u00e9s pr\u00e9c\u00e9dentes.<br \/>\n(voir \u2026 4\/ D\u00e9veloppement de l\u2019apprentissage et de la formation continue)<br \/>\nDIPLOME DE SPECIALISATION<br \/>\nAvis favorable au renouvellement, pour la dur\u00e9e maximale de 5 ans (nouveau calendrier p\u00e9riodique) \u00e0 compter du 1er septembre 2015, de l\u2019accr\u00e9ditation du Centre international d\u2019\u00e9tudes sup\u00e9rieures en sciences agronomiques \u00e0 d\u00e9livrer le titre suivant :<br \/>\n<br \/>&nbsp;Ing\u00e9nieur sp\u00e9cialis\u00e9 en innovations dans les syst\u00e8mes agricoles et agroalimentaires du monde, dipl\u00f4m\u00e9 du Centre international d\u2019\u00e9tudes sup\u00e9rieures en sciences agronomiques (nouvel intitul\u00e9) en formation initiale sous statut d\u2019\u00e9tudiant.<br \/>\n(AVIS N\u00b0 2015\/04-06)<\/p>\n<p>2\/ Suivi g\u00e9n\u00e9ral des habilitations<br \/>\nUniversit\u00e9 Paris-VII<br \/>\n<br \/>&nbsp;Ecole d\u2019ing\u00e9nieurs Denis Diderot (EIDD)<br \/>\nAvis favorable au renouvellement, pour une dur\u00e9e restreinte de 3 ans \u00e0 compter du 1er septembre 2015, de l\u2019accr\u00e9ditation de l\u2019Universit\u00e9 Paris-VII \u00e0 d\u00e9livrer chacun des 3 titres suivants :<br \/>\n<br \/>&nbsp;Ing\u00e9nieur dipl\u00f4m\u00e9 de l\u2019Ecole d\u2019ing\u00e9nieurs Denis Diderot de l\u2019Universit\u00e9 Paris-VII, dans les 3 sp\u00e9cialit\u00e9s \u2013 Architecture de syst\u00e8mes physiques \u2013 Informatique \u2013 Mat\u00e9riaux et nanotechnologies, en formation initiale sous statut d\u2019\u00e9tudiant.<br \/>\nLors du suivi p\u00e9riodique, l\u2019Universit\u00e9 avait \u00e9t\u00e9 habilit\u00e9e pour une dur\u00e9e restreinte de 1 an, suivie d\u2019un renouvellement pour une dur\u00e9e restreinte de 2 ans (AVIS N\u00b0 2013\/06-01)<br \/>\n(AVIS N\u00b0 2015\/04-07)<\/p>\n<p>Conservatoire national des arts et m\u00e9tiers (CNAM)<br \/>\nReport \u00e0 la s\u00e9ance du 7 juillet 2015 de l\u2019avis sur les renouvellements d\u2019habilitations et les nouvelles habilitations demand\u00e9es afin de disposer d\u2019un rapport complet sur le suivi par le CNAM des recommandations contenues dans l\u2019avis relatif au dernier suivi p\u00e9riodique (AVIS N\u00b0 2012\/01-01).<br \/>\n(DECISION N\u00b0 2015\/04-08)<\/p>\n<p>Institut catholique d\u2019arts et m\u00e9tiers (ICAM)<br \/>\nD\u00e9cision de renouvellement, pour une dur\u00e9e restreinte de 3 ans \u00e0 compter du 1er septembre 2015, de l\u2019habilitation de l\u2019Institut catholique d\u2019arts et m\u00e9tiers \u00e0 pr\u00e9parer sur le site de S\u00e9nart, les titres suivants :<br \/>\n<br \/>&nbsp;Ing\u00e9nieur dipl\u00f4m\u00e9 de l\u2019Institut catholique d\u2019arts et m\u00e9tiers, en formation initiale sous statut d\u2019\u00e9tudiant.<br \/>\n<br \/>&nbsp;Ing\u00e9nieur dipl\u00f4m\u00e9 de l\u2019Institut catholique d\u2019arts et m\u00e9tiers, sp\u00e9cialit\u00e9 M\u00e9canique et automatique, en partenariat avec l\u2019ITII Ile-de-France, en formation initiale sous statut d\u2019apprenti.<br \/>\n(DECISION N\u00b0 2015\/04-09)<\/p>\n<p>3\/ Cr\u00e9ation de nouvelles sp\u00e9cialit\u00e9s<br \/>\nUniversit\u00e9 Paris-XII<br \/>\nAvis favorable \u00e0 une premi\u00e8re accr\u00e9ditation, pour une dur\u00e9e restreinte de 4 ans \u00e0 compter du 1er septembre 2015, de l\u2019Universit\u00e9 Paris-XII \u00e0 d\u00e9livrer le titre suivant :<br \/>\n<br \/>&nbsp;Ing\u00e9nieur dipl\u00f4m\u00e9 de l\u2019Universit\u00e9 Paris-XII, sp\u00e9cialit\u00e9 Syst\u00e8mes d\u2019information,<br \/>\nen formation initiale sous statut d\u2019\u00e9tudiant et sous statut d\u2019apprenti.<br \/>\nAvis d\u00e9favorable, dans l\u2019\u00e9tat actuel du dossier, \u00e0 une premi\u00e8re accr\u00e9ditation de l\u2019Universit\u00e9 Paris-XII \u00e0 d\u00e9livrer le titre d\u2019ing\u00e9nieur dipl\u00f4m\u00e9 dans le domaine Ing\u00e9nierie durable \u2013 risques, \u00e9nerg\u00e9tique, mat\u00e9riaux<br \/>\nLa Commission a examin\u00e9 favorablement une premi\u00e8re accr\u00e9ditation de l\u2019Universit\u00e9 Paris-XII \u00e0 d\u00e9livrer le titre d\u2019ing\u00e9nieur dipl\u00f4m\u00e9 dans le domaine Ing\u00e9nierie et technologie pour la sant\u00e9. L\u2019avis d\u00e9finitif ne sera donn\u00e9 qu\u2019apr\u00e8s \u00e9tude d\u2019un nouveau dossier dans le cadre de l\u2019audit pr\u00e9vu pour la sp\u00e9cialit\u00e9 Biosciences.<br \/>\n(AVIS N\u00b0 2015\/04-10)<\/p>\n<p>4\/ D\u00e9veloppement de l\u2019apprentissage et de la formation continue<br \/>\nEcole nationale sup\u00e9rieure de chimie de Clermont-Ferrand (ENSCCF)<br \/>\nAvis favorable \u00e0 l\u2019extension \u00e0 la voie de la formation continue, pour la dur\u00e9e maximale de 6 ans \u00e0 compter du 1er septembre 2015, de l\u2019accr\u00e9ditation de l\u2019Ecole nationale sup\u00e9rieure de chimie de Clermont-Ferrand \u00e0 d\u00e9livrer le titre suivant :<br \/>\n<br \/>&nbsp;Ing\u00e9nieur dipl\u00f4m\u00e9 de l\u2019Ecole nationale sup\u00e9rieure de chimie de Clermont-Ferrand.<br \/>\n(AVIS N\u00b0 2015\/04-01)<\/p>\n<p>Centre international d\u2019\u00e9tudes sup\u00e9rieures en sciences agronomiques (Montpellier Sup Agro)<br \/>\nAvis d\u00e9favorable, dans l\u2019\u00e9tat actuel du dossier, \u00e0 l\u2019extension \u00e0 la voie de l\u2019apprentissage de la pr\u00e9paration des titres suivants :<br \/>\n<br \/>&nbsp;Ing\u00e9nieur dipl\u00f4m\u00e9 du Centre national d\u2019\u00e9tudes sup\u00e9rieures en sciences agronomiques, dans les 2 sp\u00e9cialit\u00e9s \u2013 Agronome \u00e0 vocation g\u00e9n\u00e9rale \u2013 Syst\u00e8mes agricoles et agroalimentaires durables au Sud,<br \/>\n(AVIS N\u00b0 2015\/04-06)<\/p>\n<p>Universit\u00e9 Paris-XII<br \/>\nLa Commission a examin\u00e9 favorablement l\u2019extension \u00e0 l\u2019apprentissage de l\u2019accr\u00e9ditation de l\u2019Universit\u00e9 \u00e0 d\u00e9livrer le titre d\u2019Ing\u00e9nieur dipl\u00f4m\u00e9 de l\u2019Universit\u00e9 Paris-XII, sp\u00e9cialit\u00e9 Biosciences. L\u2019avis d\u00e9finitif ne sera donn\u00e9 qu\u2019apr\u00e8s \u00e9tude d\u2019un nouveau dossier tenant compte des remarques exprim\u00e9es par la Commission. Ce<br \/>\ndossier sera examin\u00e9 dans le cadre de l\u2019audit relatif \u00e0 l\u2019habilitation actuelle, sous statut d\u2019\u00e9tudiant, qui se termine \u00e0 la fin de l\u2019ann\u00e9e universitaire 2015-2016.<br \/>\n(AVIS N\u00b0 2015\/04-10)<\/p>\n<p>Et, apr\u00e8s avoir pris acte de la d\u00e9cision de conseils r\u00e9gionaux<br \/>\nUniversit\u00e9 de Versailles-Saint-Quentin-en-Yvelines<br \/>\n<br \/>&nbsp;Institut des sciences et techniques des Yvelines (ISTY)<br \/>\nSuite \u00e0 l\u2019avis donn\u00e9 les 8\/9 janvier 2013 (AVIS 2013\/01-02), la Commission prend acte de la d\u00e9cision du Conseil r\u00e9gional d\u2019Ile de France et de la convention avec le CFA assurant le financement.<br \/>\nEn cons\u00e9quence La Commission donne un avis favorable, pour une dur\u00e9e restreinte \u00e0 4 ans \u00e0 compter du 1er septembre 2015, \u00e0 l\u2019accr\u00e9ditation de l\u2019Universit\u00e9 de Versailles-Saint-Quentin-en-Yvelines \u00e0 d\u00e9livrer le titre suivant :<br \/>\n<br \/>&nbsp;Ing\u00e9nieur dipl\u00f4m\u00e9 de l\u2019Institut des sciences et techniques des Yvelines de l\u2019Universit\u00e9 de Versailles-Saint-Quentin-en-Yvelines, sp\u00e9cialit\u00e9 Syst\u00e8mes \u00e9lectroniques, en partenariat avec l\u2019ITII Ile-de-France en formation initiale sous statut d\u2019apprenti.<br \/>\nLes conditions dans lesquelles s\u2019effectuera la premi\u00e8re rentr\u00e9e seront examin\u00e9es dans le cadre de l\u2019audit pr\u00e9vu en fin d\u2019ann\u00e9e 2015.<br \/>\nLes premiers dipl\u00f4mes pr\u00e9par\u00e9s par les apprentis seront d\u00e9livr\u00e9s \u00e0 l\u2019issue de l\u2019ann\u00e9e universitaire 2017-2018.<br \/>\nLe renouvellement \u00e0 partir de la rentr\u00e9e 2019 sera examin\u00e9 dans le cadre du suivi p\u00e9riodique.<br \/>\n(AVIS N\u00b0 2015\/04-11)<br \/>\n<br \/>&nbsp;Ecole nationale sup\u00e9rieure des mines d\u2019Al\u00e8s (Mines Al\u00e8s)<br \/>\nSuite \u00e0 l\u2019avis donn\u00e9 le 9 d\u00e9cembre 2014, la Commission prend acte de la d\u00e9cision du Conseil r\u00e9gional de Languedoc-Roussillon.<br \/>\nEn cons\u00e9quence elle donne un avis favorable, pour une dur\u00e9e restreinte \u00e0 3 ans \u00e0 compter du 1er septembre 2015, \u00e0 l\u2019accr\u00e9ditation de l\u2019Ecole nationale sup\u00e9rieure des mines d\u2019Al\u00e8s \u00e0 d\u00e9livrer le titre suivant :<br \/>\n<br \/>&nbsp;Ing\u00e9nieur dipl\u00f4m\u00e9 de l\u2019Ecole nationale sup\u00e9rieure des mines d\u2019Al\u00e8s, sp\u00e9cialit\u00e9 M\u00e9catronique, en formation initiale sous statut d\u2019apprenti.<br \/>\nLes premiers dipl\u00f4mes pr\u00e9par\u00e9s par les apprentis seront d\u00e9livr\u00e9s \u00e0 l\u2019issue de l\u2019ann\u00e9e universitaire 2017-2018.<br \/>\n(AVIS N\u00b0 2015\/04-12)<\/p>\n","protected":false},"excerpt":{"rendered":"<p>Au cours de la s\u00e9ance pl\u00e9ni\u00e8re qui s\u2019est tenue les 15 et 16 avril 2015 \u00e0 Paris, sous la pr\u00e9sidence de Laurent MAHIEU, la Commission a, tout d\u2019abord, accueilli :<br \/>\n<br \/>&nbsp;Guenter HEITMANN, responsable du panel d\u2019auditeurs de l\u2019association European Network for accreditation of engineering education (ENAEE), en charge de l\u2019\u00e9valuation de la Commission,<br \/>\n<br \/>&nbsp;Gabriel HENRIST, nouveau membre de la Commission, nomm\u00e9 par arr\u00eat\u00e9 de la ministre de l\u2019\u00e9ducation nationale, de l\u2019enseignement sup\u00e9rieur et de la recherche, en date du 12 mars 2015. Gabriel HENRIST, propos\u00e9 par Ing\u00e9nieurs et scientifiques de France (IESF), prend la suite du mandat de Dominique JEAN, d\u00e9missionnaire.<\/p>\n<p>Ensuite, la Commission a :<br \/>\n<br \/>&nbsp;adopt\u00e9 certains avis et d\u00e9cisions relatifs \u00e0 la s\u00e9ance pl\u00e9ni\u00e8re des 13 et 14 janvier 2015.<br \/>\n<br \/>&nbsp;adopt\u00e9 le proc\u00e8s-verbal de la s\u00e9ance pl\u00e9ni\u00e8re du 11 f\u00e9vrier 2015 ainsi que les avis et d\u00e9cisions correspondants.<br \/>\n<br \/>&nbsp;adopt\u00e9 le proc\u00e8s-verbal de la s\u00e9ance pl\u00e9ni\u00e8re du 10 mars 2015 ainsi que certains avis et d\u00e9cisions correspondants.<br \/>\n<br \/>&nbsp;adopt\u00e9, sur proposition du Comit\u00e9 de pilotage international et de la Commission budg\u00e9taire, les principes relatifs \u00e0 la tarification des interventions d\u2019\u00e9valuation effectu\u00e9es \u00e0 l\u2019\u00e9tranger.<br \/>\n<br \/>&nbsp;entendu une communication de Jacques SCHWARTZENTRUBER sur l\u2019\u00e9tat d\u2019avancement de la proc\u00e9dure d\u2019\u00e9valuation de diverses formations en Belgique.<br \/>\n<br \/>&nbsp;approuv\u00e9, sur proposition d\u2019Agn\u00e8s SMITH et Delphin RIVIERE, diverses modifications dans les compositions des \u00e9quipes d\u2019audit pr\u00e9vues pour les campagnes 2014-2015 et 2015-2016 ainsi qu\u2019une modification de programmation pour le passage en s\u00e9ance pl\u00e9ni\u00e8re.<br \/>\nPuis, la Commission a donn\u00e9 des avis et pris des d\u00e9cisions :<\/p>\n","protected":false},"author":7,"featured_media":0,"comment_status":"closed","ping_status":"open","sticky":false,"template":"","format":"standard","meta":{"_price":"","_stock":"","_tribe_ticket_header":"","_tribe_default_ticket_provider":"","_tribe_ticket_capacity":"0","_ticket_start_date":"","_ticket_end_date":"","_tribe_ticket_show_description":"","_tribe_ticket_show_not_going":false,"_tribe_ticket_use_global_stock":"","_tribe_ticket_global_stock_level":"","_global_stock_mode":"","_global_stock_cap":"","_tribe_rsvp_for_event":"","_tribe_ticket_going_count":"","_tribe_ticket_not_going_count":"","_tribe_tickets_list":"[]","_tribe_ticket_has_attendee_info_fields":false,"footnotes":""},"categories":[19],"tags":[],"class_list":["post-2785","post","type-post","status-publish","format-standard","hentry","category-assemblees-plenieres-releves-de-conclusions-avis-et-decisions-concernant-les-formations"],"translation":{"provider":"WPGlobus","version":"3.0.2","language":"en","enabled_languages":["fr","en"],"languages":{"fr":{"title":true,"content":true,"excerpt":true},"en":{"title":false,"content":false,"excerpt":false}}},"_links":{"self":[{"href":"https:\/\/www.cti-commission.fr\/en\/wp-json\/wp\/v2\/posts\/2785","targetHints":{"allow":["GET"]}}],"collection":[{"href":"https:\/\/www.cti-commission.fr\/en\/wp-json\/wp\/v2\/posts"}],"about":[{"href":"https:\/\/www.cti-commission.fr\/en\/wp-json\/wp\/v2\/types\/post"}],"author":[{"embeddable":true,"href":"https:\/\/www.cti-commission.fr\/en\/wp-json\/wp\/v2\/users\/7"}],"replies":[{"embeddable":true,"href":"https:\/\/www.cti-commission.fr\/en\/wp-json\/wp\/v2\/comments?post=2785"}],"version-history":[{"count":0,"href":"https:\/\/www.cti-commission.fr\/en\/wp-json\/wp\/v2\/posts\/2785\/revisions"}],"wp:attachment":[{"href":"https:\/\/www.cti-commission.fr\/en\/wp-json\/wp\/v2\/media?parent=2785"}],"wp:term":[{"taxonomy":"category","embeddable":true,"href":"https:\/\/www.cti-commission.fr\/en\/wp-json\/wp\/v2\/categories?post=2785"},{"taxonomy":"post_tag","embeddable":true,"href":"https:\/\/www.cti-commission.fr\/en\/wp-json\/wp\/v2\/tags?post=2785"}],"curies":[{"name":"wp","href":"https:\/\/api.w.org\/{rel}","templated":true}]}}