{"id":2774,"date":"2015-03-11T00:00:00","date_gmt":"2015-03-10T23:00:00","guid":{"rendered":"https:\/\/www.cti-commission.fr\/2015\/03\/11\/seance-pleniere-du-10-mars-2015"},"modified":"2015-03-11T00:00:00","modified_gmt":"2015-03-10T23:00:00","slug":"seance-pleniere-du-10-mars-2015","status":"publish","type":"post","link":"https:\/\/www.cti-commission.fr\/en\/seance-pleniere-du-10-mars-2015","title":{"rendered":"S\u00e9ance pl\u00e9ni\u00e8re du 10 mars 2015"},"content":{"rendered":"<p>1\/ Suivi p\u00e9riodique du Sud-Est \u2013 Acad\u00e9mies d\u2019Aix-Marseille et Clermont-Ferrand<br \/>\n(habilitation \u00e0 compter de la rentr\u00e9e 2015)<br \/>\nUniversit\u00e9 d\u2019Aix-Marseille<br \/>\n<br \/>&nbsp;Ecole polytechnique universitaire de Marseille (Polytech Marseille)<br \/>\nAvis favorable au renouvellement, pour la dur\u00e9e maximale de 6 ans \u00e0 compter du 1er septembre 2015, de<br \/>\nl\u2019accr\u00e9ditation de l\u2019Universit\u00e9 d\u2019Aix-Marseille \u00e0 d\u00e9livrer le titre suivant :<br \/>\n<br \/>&nbsp;Ing\u00e9nieur dipl\u00f4m\u00e9 de l\u2019Ecole polytechnique universitaire de Marseille de l\u2019Universit\u00e9 d\u2019Aix-Marseille,<br \/>\ndans les 8 sp\u00e9cialit\u00e9s \u2013 G\u00e9nie industriel et informatique \u2013 M\u00e9canique et \u00e9nerg\u00e9tique \u2013 Micro\u00e9lectronique et<br \/>\nt\u00e9l\u00e9communications \u2013 G\u00e9nie civil \u2013 G\u00e9nie biologique \u2013 G\u00e9nie biom\u00e9dical \u2013 Informatique \u2013 Mat\u00e9riaux.<br \/>\nen formation initiale sous statut d\u2019\u00e9tudiant ainsi qu\u2019en formation continue.<br \/>\nL\u2019\u00e9tablissement devra transmettre, au plus tard le 30 juin 2019, au d\u00e9partement des \u00e9coles sup\u00e9rieures et<br \/>\nde l\u2019enseignement sup\u00e9rieur priv\u00e9 de la DGESIP, en charge du Greffe de la CTI, un rapport interm\u00e9diaire<br \/>\nportant sur le suivi des recommandations, notamment le d\u00e9veloppement de la culture internationale, la<br \/>\ndiminution du taux d\u2019\u00e9chec d\u00fb au niveau insuffisant en anglais, ainsi que la transversalit\u00e9 et la mutualisation<br \/>\ndes enseignements.<br \/>\n(AVIS N\u00b0 2015\/03-01)<br \/>\nUniversit\u00e9 Clermont-Ferrand II<br \/>\n<br \/>&nbsp;Institut sup\u00e9rieur d\u2019informatique, de mod\u00e9lisation et de leurs applications (ISIMA)<br \/>\nAvis favorable au renouvellement, pour la dur\u00e9e maximale de 6 ans \u00e0 compter du 1er septembre 2015, de<br \/>\nl\u2019accr\u00e9ditation de l\u2019Universit\u00e9 Clermont-Ferrand II \u00e0 d\u00e9livrer le titre suivant :<br \/>\n<br \/>&nbsp;Ing\u00e9nieur dipl\u00f4m\u00e9 de l\u2019Institut sup\u00e9rieur d\u2019informatique, de mod\u00e9lisation et de leurs applications de<br \/>\nl\u2019Universit\u00e9 Clermont-Ferrand II,<br \/>\nen formation initiale sous statut d\u2019\u00e9tudiant.<br \/>\n<br \/>&nbsp;Centre universitaire des sciences et techniques (Polytech Clermont)<br \/>\nAvis favorable au renouvellement, pour la dur\u00e9e maximale de 6 ans \u00e0 compter du 1er septembre 2015, de<br \/>\nl\u2019accr\u00e9ditation de l\u2019Universit\u00e9 Clermont-Ferrand II \u00e0 d\u00e9livrer les titres suivants :<br \/>\n<br \/>&nbsp;Ing\u00e9nieur dipl\u00f4m\u00e9 du Centre universitaire des sciences et techniques de l\u2019Universit\u00e9 Clermont-Ferrand II,<br \/>\ndans les 5 sp\u00e9cialit\u00e9s \u2013 G\u00e9nie math\u00e9matique et mod\u00e9lisation \u2013 G\u00e9nie biologique \u2013 G\u00e9nie civil \u2013 G\u00e9nie<br \/>\n\u00e9lectrique \u2013 G\u00e9nie physique,<br \/>\nen formation initiale sous statut d\u2019\u00e9tudiant ainsi qu\u2019en formation continue.<br \/>\nS\u00e9ance du 10 mars 2015<\/p>\n<hr \/>\n<p>Relev\u00e9 de conclusions<br \/>\n<br \/>&nbsp;Ing\u00e9nieur dipl\u00f4m\u00e9 du Centre universitaire des sciences et techniques de l\u2019Universit\u00e9 Clermont-Ferrand II,<br \/>\nsp\u00e9cialit\u00e9 G\u00e9nie des syst\u00e8mes de production, en partenariat avec l\u2019ITII Auvergne,<br \/>\nen formation initiale sous statut d\u2019apprenti ainsi qu\u2019en formation continue.<br \/>\nL\u2019Universit\u00e9 Clermont-Ferrand-II devra transmettre, au plus tard le 30 juin 2017, au d\u00e9partement des \u00e9coles sup\u00e9rieures et de l\u2019enseignement sup\u00e9rieur priv\u00e9 de la DGESIP, en charge du Greffe de la CTI, un rapport sur sa contribution \u00e0 une meilleure structuration des formations d\u2019ing\u00e9nieur sur le site de Clermont-Ferrand.<br \/>\n(AVIS N\u00b0 2015\/03-02)<br \/>\nDIPLOME DE SPECIALISATION<br \/>\nInstitut sup\u00e9rieur du b\u00e2timent et des travaux publics (ISBA TP)<br \/>\nD\u00e9cision de renouvellement, pour la dur\u00e9e maximale de 6 ans \u00e0 compter du 1er septembre 2015, de l\u2019habilitation de l\u2019\u00e9tablissement \u00e0 d\u00e9livrer les titres suivants :<br \/>\n<br \/>&nbsp;Ing\u00e9nieur sp\u00e9cialis\u00e9 en ouvrages d\u2019art, dipl\u00f4m\u00e9 de l\u2019Institut sup\u00e9rieur du b\u00e2timent et des travaux publics,<br \/>\nen formation initiale sous statut d\u2019\u00e9tudiant.<br \/>\n<br \/>&nbsp;Ing\u00e9nieur sp\u00e9cialis\u00e9 en infrastructures et g\u00e9otechnique, dipl\u00f4m\u00e9 de l\u2019Institut sup\u00e9rieur du b\u00e2timent et des travaux publics,<br \/>\nen formation initiale sous statut d\u2019\u00e9tudiant<br \/>\nL\u2019Etablissement devra transmettre, au plus tard le 30 juin 2017, au d\u00e9partement des \u00e9coles sup\u00e9rieures et de l\u2019enseignement sup\u00e9rieur priv\u00e9 de la DGESIP, en charge du Greffe de la CTI, un rapport interm\u00e9diaire sur le suivi des recommandations et notamment sur les relations avec l\u2019Ecole polytechnique universitaire de Marseille, les relations avec les \u00e9tablissements \u00e9trangers et le d\u00e9veloppement de la formation continue.<br \/>\nPar ailleurs, l\u2019\u00e9tablissement sollicite l\u2019habilitation \u00e0 d\u00e9livrer le titre d\u2019ing\u00e9nieur sp\u00e9cialis\u00e9 dans une nouvelle sp\u00e9cialit\u00e9.<br \/>\nD\u00e9cision de premi\u00e8re habilitation, pour une dur\u00e9e restreinte \u00e0 3 ans \u00e0 compter du 1er septembre 2015, \u00e0 d\u00e9livrer le titre suivant :<br \/>\n<br \/>&nbsp;Ing\u00e9nieur sp\u00e9cialis\u00e9 en g\u00e9nie parasismique, dipl\u00f4m\u00e9 de l\u2019Institut sup\u00e9rieur du b\u00e2timent et des travaux publics,<br \/>\nen formation initiale sous statut d\u2019\u00e9tudiant.<br \/>\n(DECISION N\u00b0 2015\/03-03)<br \/>\n2\/ D\u00e9veloppement de l\u2019apprentissage<br \/>\nApr\u00e8s avoir pris acte de la d\u00e9cision d\u2019un conseil r\u00e9gional<br \/>\nInstitut national polytechnique de Toulouse<br \/>\n<br \/>&nbsp;Ecole nationale sup\u00e9rieure des ing\u00e9nieurs en arts chimiques et technologiques (ENSIACET)<br \/>\nSuite \u00e0 l\u2019avis donn\u00e9 le 11 mars 2014, la Commission prend acte de la d\u00e9cision du Conseil r\u00e9gional de Midi-Pyr\u00e9n\u00e9es et de la convention avec le CFA assurant le financement.<br \/>\nEn cons\u00e9quence elle donne un avis favorable, pour une dur\u00e9e restreinte \u00e0 2 ans \u00e0 compter du 1er septembre 2015, \u00e0 l\u2019extension \u00e0 la voie de l\u2019apprentissage de l\u2019accr\u00e9ditation de l\u2019Institut national polytechnique de Toulouse \u00e0 d\u00e9livrer le titre suivant :<br \/>\n<br \/>&nbsp;Ing\u00e9nieur dipl\u00f4m\u00e9 de l\u2019Ecole nationale sup\u00e9rieure des arts chimiques et technologiques de l\u2019Institut national polytechnique de Toulouse, sp\u00e9cialit\u00e9 Mat\u00e9riaux,<br \/>\nLes premiers dipl\u00f4mes pr\u00e9par\u00e9s par des apprentis seront d\u00e9livr\u00e9s \u00e0 l\u2019issue de l\u2019ann\u00e9e universitaire 2017-2018.<br \/>\nLe renouvellement \u00e0 partir de la rentr\u00e9e 2017 sera examin\u00e9 dans le cadre du suivi p\u00e9riodique.<br \/>\n(AVIS N\u00b0 2015\/03-04)<br \/>\n3\/ Cr\u00e9ation de nouvelles sp\u00e9cialit\u00e9s sous statut \u00e9tudiant<br \/>\nUniversit\u00e9 d\u2019Angers<br \/>\n<br \/>&nbsp;Institut des sciences et techniques de l\u2019ing\u00e9nieur d\u2019Angers<br \/>\nAvis favorable \u00e0 une premi\u00e8re accr\u00e9ditation de l\u2019Universit\u00e9 d\u2019Angers, pour une dur\u00e9e restreinte \u00e0 3 ans \u00e0 compter du 1er septembre 2015, \u00e0 d\u00e9livrer le titre suivant :<br \/>\n<br \/>&nbsp;Ing\u00e9nieur dipl\u00f4m\u00e9 de l\u2019Institut des sciences et techniques de l\u2019ing\u00e9nieur d\u2019Angers de l\u2019Universit\u00e9 d\u2019Angers dans les 2 sp\u00e9cialit\u00e9s \u2013 B\u00e2timent et s\u00e9curit\u00e9 \u2013 G\u00e9nie biologique et sant\u00e9,<br \/>\nen formation initiale sous statut d\u2019\u00e9tudiant.<br \/>\nLes premiers dipl\u00f4mes seront d\u00e9livr\u00e9s \u00e0 l\u2019issue de l\u2019ann\u00e9e universitaire 2017-2018.<br \/>\nLe renouvellement de cette accr\u00e9ditation pourra \u00eatre demand\u00e9 au plus tard le 30 juin 2017, en m\u00eame temps que le rapport interm\u00e9diaire relatif \u00e0 la sp\u00e9cialit\u00e9 G\u00e9nie des syst\u00e8mes industriels, habilit\u00e9e jusqu\u2019\u00e0 la fin de l\u2019ann\u00e9e universitaire 2019-2020.<br \/>\n(AVIS N\u00b0 2015\/03-05)<br \/>\n4\/ Admission par l\u2019\u00c9tat (\u00e9tablissements \u00e9trangers) \u2013 Suivi g\u00e9n\u00e9ral<br \/>\n\u5317\u4eac\u822a\u7a7a\u822a\u5929\u5927\u5b66 Universit\u00e9 Beihang (BUAA) &#8211; Chine<br \/>\n<br \/>&nbsp;\u4e2d\u6cd5\u5de5\u7a0b\u5e08\u5b66\u9662 Ecole centrale de P\u00e9kin<br \/>\nLa Commission prend acte du rapport interm\u00e9diaire qui avait \u00e9t\u00e9 sollicit\u00e9 lors de la s\u00e9ance pl\u00e9ni\u00e8re du 12 octobre 2010 (AVIS 2010\/10-07).<\/p>\n","protected":false},"excerpt":{"rendered":"<p>Au cours de la s\u00e9ance pl\u00e9ni\u00e8re qui s\u2019est tenue le 10 mars 2015 \u00e0 Paris, sous la pr\u00e9sidence de Laurent<br \/>\nMAHIEU, la Commission a<br \/>\n<br \/>&nbsp;adopt\u00e9 certains avis et d\u00e9cisions relatifs \u00e0 la s\u00e9ance pl\u00e9ni\u00e8re des 13 et 14 janvier 2015.<br \/>\n<br \/>&nbsp;report\u00e9 \u00e0 la prochaine s\u00e9ance l\u2019adoption du proc\u00e8s-verbal de la s\u00e9ance pl\u00e9ni\u00e8re du 11 f\u00e9vrier 2015 mais<br \/>\nadopt\u00e9 le relev\u00e9 de conclusions correspondant.<br \/>\n<br \/>&nbsp;approuv\u00e9, sur proposition du Pr\u00e9sident, la liste des charg\u00e9s de mission.<br \/>\n<br \/>&nbsp;adopt\u00e9 la d\u00e9lib\u00e9ration n\u00b02015\/03-01 relative \u00e0 la contribution financi\u00e8re des \u00e9coles d\u2019ing\u00e9nieur au<br \/>\nfonctionnement de la Commission.<br \/>\n<br \/>&nbsp;entendu un point d\u2019information, pr\u00e9sent\u00e9 par Maurice PINKUS et Anne-Marie JOLLY, sur la visite<br \/>\nd\u2019\u00e9valuation des experts du r\u00e9seau ENAEE (European Network for Accreditation of Engineering Education) \u00e0 la<br \/>\nprochaine s\u00e9ance pl\u00e9ni\u00e8re.<br \/>\n<br \/>&nbsp;entendu une communication de Marc PEYRADE relative \u00e0 l\u2019atelier ABET-CTI du 11 mai 2015.<br \/>\n<br \/>&nbsp;approuv\u00e9, sur proposition d\u2019Anne-Marie JOLLY, l\u2019actualisation de la fiche de donn\u00e9es certifi\u00e9es pour 2015.<br \/>\n<br \/>&nbsp;approuv\u00e9, sur proposition d\u2019Agn\u00e8s SMITH et Delphin RIVIERE, diverses modifications dans les compositions<br \/>\ndes \u00e9quipes d\u2019audit pr\u00e9vues pour les campagnes 2014-2015 et 2015-2016 ainsi qu\u2019une modification de<br \/>\nprogrammation pour le passage en s\u00e9ance pl\u00e9ni\u00e8re.<br \/>\nPuis, apr\u00e8s avoir entendu une communication d\u2019Arnaud REICHART sur les formations d\u2019ing\u00e9nieurs sur le site<br \/>\nde Clermont-Ferrand, la Commission a donn\u00e9 des avis et pris une d\u00e9cision:<\/p>\n","protected":false},"author":7,"featured_media":0,"comment_status":"closed","ping_status":"open","sticky":false,"template":"","format":"standard","meta":{"_price":"","_stock":"","_tribe_ticket_header":"","_tribe_default_ticket_provider":"","_tribe_ticket_capacity":"0","_ticket_start_date":"","_ticket_end_date":"","_tribe_ticket_show_description":"","_tribe_ticket_show_not_going":false,"_tribe_ticket_use_global_stock":"","_tribe_ticket_global_stock_level":"","_global_stock_mode":"","_global_stock_cap":"","_tribe_rsvp_for_event":"","_tribe_ticket_going_count":"","_tribe_ticket_not_going_count":"","_tribe_tickets_list":"[]","_tribe_ticket_has_attendee_info_fields":false,"footnotes":""},"categories":[19],"tags":[],"class_list":["post-2774","post","type-post","status-publish","format-standard","hentry","category-assemblees-plenieres-releves-de-conclusions-avis-et-decisions-concernant-les-formations"],"translation":{"provider":"WPGlobus","version":"3.0.2","language":"en","enabled_languages":["fr","en"],"languages":{"fr":{"title":true,"content":true,"excerpt":true},"en":{"title":false,"content":false,"excerpt":false}}},"_links":{"self":[{"href":"https:\/\/www.cti-commission.fr\/en\/wp-json\/wp\/v2\/posts\/2774","targetHints":{"allow":["GET"]}}],"collection":[{"href":"https:\/\/www.cti-commission.fr\/en\/wp-json\/wp\/v2\/posts"}],"about":[{"href":"https:\/\/www.cti-commission.fr\/en\/wp-json\/wp\/v2\/types\/post"}],"author":[{"embeddable":true,"href":"https:\/\/www.cti-commission.fr\/en\/wp-json\/wp\/v2\/users\/7"}],"replies":[{"embeddable":true,"href":"https:\/\/www.cti-commission.fr\/en\/wp-json\/wp\/v2\/comments?post=2774"}],"version-history":[{"count":0,"href":"https:\/\/www.cti-commission.fr\/en\/wp-json\/wp\/v2\/posts\/2774\/revisions"}],"wp:attachment":[{"href":"https:\/\/www.cti-commission.fr\/en\/wp-json\/wp\/v2\/media?parent=2774"}],"wp:term":[{"taxonomy":"category","embeddable":true,"href":"https:\/\/www.cti-commission.fr\/en\/wp-json\/wp\/v2\/categories?post=2774"},{"taxonomy":"post_tag","embeddable":true,"href":"https:\/\/www.cti-commission.fr\/en\/wp-json\/wp\/v2\/tags?post=2774"}],"curies":[{"name":"wp","href":"https:\/\/api.w.org\/{rel}","templated":true}]}}