{"id":2672,"date":"2014-10-23T19:05:09","date_gmt":"2014-10-23T17:05:09","guid":{"rendered":"https:\/\/www.cti-commission.fr\/2014\/10\/23\/daniel-assouline-nomme-directeur"},"modified":"2017-10-25T15:21:55","modified_gmt":"2017-10-25T13:21:55","slug":"daniel-assouline-nomme-directeur","status":"publish","type":"post","link":"https:\/\/www.cti-commission.fr\/en\/daniel-assouline-nomme-directeur","title":{"rendered":"Daniel Assouline nomm\u00e9 directeur du CIEP"},"content":{"rendered":"<p>M. Daniel Assouline, inspecteur g\u00e9n\u00e9ral de l&#8217;\u00e9ducation nationale, a \u00e9t\u00e9 nomm\u00e9 directeur du CIEP par d\u00e9cret du 15 octobre 2014 du Pr\u00e9sident de la R\u00e9publique (JO MENH1420446D), succ\u00e9dant \u00e0 M. Fran\u00e7ois Perret, admis \u00e0 faire valoir ses droits \u00e0 la retraite.<\/p>\n<p>Pour plus d&#8217;informations, t\u00e9l\u00e9chargez le communiqu\u00e9 de presse au format PDF<\/p>\n","protected":false},"excerpt":{"rendered":"<p>M. Daniel Assouline, inspecteur g\u00e9n\u00e9ral de l&#8217;\u00e9ducation nationale, a \u00e9t\u00e9 nomm\u00e9 directeur du CIEP par d\u00e9cret du 15 octobre 2014 du Pr\u00e9sident de la R\u00e9publique (JO MENH1420446D), succ\u00e9dant \u00e0 M. &hellip; <a href=\"https:\/\/www.cti-commission.fr\/en\/daniel-assouline-nomme-directeur\" class=\"more-link\">Continue reading<span class=\"screen-reader-text\"> &#8220;Daniel Assouline nomm\u00e9 directeur du CIEP&#8221;<\/span><\/a><\/p>\n","protected":false},"author":7,"featured_media":0,"comment_status":"closed","ping_status":"open","sticky":false,"template":"","format":"standard","meta":{"_price":"","_stock":"","_tribe_ticket_header":"","_tribe_default_ticket_provider":"","_tribe_ticket_capacity":"0","_ticket_start_date":"","_ticket_end_date":"","_tribe_ticket_show_description":"","_tribe_ticket_show_not_going":false,"_tribe_ticket_use_global_stock":"","_tribe_ticket_global_stock_level":"","_global_stock_mode":"","_global_stock_cap":"","_tribe_rsvp_for_event":"","_tribe_ticket_going_count":"","_tribe_ticket_not_going_count":"","_tribe_tickets_list":"[]","_tribe_ticket_has_attendee_info_fields":false,"footnotes":""},"categories":[14,12,416,80],"tags":[],"class_list":["post-2672","post","type-post","status-publish","format-standard","hentry","category-communications-evenements","category-actualites","category-communiques-de-presse","category-notes-dinformation-communiques-rapports-dactivite-et-dautres-documents"],"translation":{"provider":"WPGlobus","version":"3.0.2","language":"en","enabled_languages":["fr","en"],"languages":{"fr":{"title":true,"content":true,"excerpt":false},"en":{"title":false,"content":false,"excerpt":false}}},"_links":{"self":[{"href":"https:\/\/www.cti-commission.fr\/en\/wp-json\/wp\/v2\/posts\/2672","targetHints":{"allow":["GET"]}}],"collection":[{"href":"https:\/\/www.cti-commission.fr\/en\/wp-json\/wp\/v2\/posts"}],"about":[{"href":"https:\/\/www.cti-commission.fr\/en\/wp-json\/wp\/v2\/types\/post"}],"author":[{"embeddable":true,"href":"https:\/\/www.cti-commission.fr\/en\/wp-json\/wp\/v2\/users\/7"}],"replies":[{"embeddable":true,"href":"https:\/\/www.cti-commission.fr\/en\/wp-json\/wp\/v2\/comments?post=2672"}],"version-history":[{"count":1,"href":"https:\/\/www.cti-commission.fr\/en\/wp-json\/wp\/v2\/posts\/2672\/revisions"}],"predecessor-version":[{"id":4824,"href":"https:\/\/www.cti-commission.fr\/en\/wp-json\/wp\/v2\/posts\/2672\/revisions\/4824"}],"wp:attachment":[{"href":"https:\/\/www.cti-commission.fr\/en\/wp-json\/wp\/v2\/media?parent=2672"}],"wp:term":[{"taxonomy":"category","embeddable":true,"href":"https:\/\/www.cti-commission.fr\/en\/wp-json\/wp\/v2\/categories?post=2672"},{"taxonomy":"post_tag","embeddable":true,"href":"https:\/\/www.cti-commission.fr\/en\/wp-json\/wp\/v2\/tags?post=2672"}],"curies":[{"name":"wp","href":"https:\/\/api.w.org\/{rel}","templated":true}]}}