{"id":2647,"date":"2014-09-03T13:02:02","date_gmt":"2014-09-03T11:02:02","guid":{"rendered":"https:\/\/www.cti-commission.fr\/2014\/09\/03\/la-cti-rencontre-l-ambassade-de"},"modified":"2017-10-25T15:26:01","modified_gmt":"2017-10-25T13:26:01","slug":"la-cti-rencontre-l-ambassade-de","status":"publish","type":"post","link":"https:\/\/www.cti-commission.fr\/en\/la-cti-rencontre-l-ambassade-de","title":{"rendered":"La CTI rencontre l&#8217;ambassade de Chine"},"content":{"rendered":"<p>La CTI a re\u00e7u le 2 juillet 2014 dans ses locaux Madame Huang Pei de l&#8217;Ambassade de Chine : la Chine souhaite d\u00e9velopper l&#8217;enseignement priv\u00e9 et a souhait\u00e9 mieux connaitre la gestion des dipl\u00f4mes et l&#8217;enseignement priv\u00e9 en France et les mesures prises par la CTI pour am\u00e9liorer  la qualit\u00e9 de l&#8217;enseignement sup\u00e9rieur des \u00e9l\u00e8ves ing\u00e9nieurs.<\/p>\n<p>Cette r\u00e9union de pr\u00e9paration a \u00e9t\u00e9 suivie d\u2019une visite d\u00e9taill\u00e9e de l\u2019ESTP* \u00e0 Cachan le 9 juillet 2014 en pr\u00e9sence de l&#8217;UGEI.<br \/>\nLes entretiens ont \u00e9t\u00e9 tr\u00e8s constructifs et la CTI devrait bient\u00f4t rencontrer le CEAIE*, de nombreuses nouvelles \u00e9coles d\u2019ing\u00e9nieurs ouvertes en Chine ,et \u00e0 la demande du pr\u00e9sident de l&#8217;Universit\u00e9 de Tianjin d&#8217;accr\u00e9diter ses nouvelles formations d&#8217;ing\u00e9nieur, pr\u00e9parer la coop\u00e9ration avec l&#8217;AERES-HCERES d&#8217;un nouvel institut franco-chinois.<\/p>\n<p>* ESTP : \u00c9cole sp\u00e9ciale des travaux publics, du b\u00e2timent et de l&#8217;industrie<br \/>\n* CEAIE : Association Chinoise de l&#8217;Education pour les Echanges Internationaux<\/p>\n","protected":false},"excerpt":{"rendered":"<p>La CTI a re\u00e7u le 2 juillet 2014 dans ses locaux Madame Huang Pei de l&#8217;Ambassade de Chine<\/p>\n","protected":false},"author":7,"featured_media":2646,"comment_status":"closed","ping_status":"open","sticky":false,"template":"","format":"standard","meta":{"_price":"","_stock":"","_tribe_ticket_header":"","_tribe_default_ticket_provider":"","_tribe_ticket_capacity":"0","_ticket_start_date":"","_ticket_end_date":"","_tribe_ticket_show_description":"","_tribe_ticket_show_not_going":false,"_tribe_ticket_use_global_stock":"","_tribe_ticket_global_stock_level":"","_global_stock_mode":"","_global_stock_cap":"","_tribe_rsvp_for_event":"","_tribe_ticket_going_count":"","_tribe_ticket_not_going_count":"","_tribe_tickets_list":"[]","_tribe_ticket_has_attendee_info_fields":false,"footnotes":""},"categories":[14,12,40],"tags":[],"class_list":["post-2647","post","type-post","status-publish","format-standard","has-post-thumbnail","hentry","category-communications-evenements","category-actualites","category-activites-hors-europe"],"translation":{"provider":"WPGlobus","version":"3.0.2","language":"en","enabled_languages":["fr","en"],"languages":{"fr":{"title":true,"content":true,"excerpt":true},"en":{"title":false,"content":false,"excerpt":false}}},"_links":{"self":[{"href":"https:\/\/www.cti-commission.fr\/en\/wp-json\/wp\/v2\/posts\/2647","targetHints":{"allow":["GET"]}}],"collection":[{"href":"https:\/\/www.cti-commission.fr\/en\/wp-json\/wp\/v2\/posts"}],"about":[{"href":"https:\/\/www.cti-commission.fr\/en\/wp-json\/wp\/v2\/types\/post"}],"author":[{"embeddable":true,"href":"https:\/\/www.cti-commission.fr\/en\/wp-json\/wp\/v2\/users\/7"}],"replies":[{"embeddable":true,"href":"https:\/\/www.cti-commission.fr\/en\/wp-json\/wp\/v2\/comments?post=2647"}],"version-history":[{"count":1,"href":"https:\/\/www.cti-commission.fr\/en\/wp-json\/wp\/v2\/posts\/2647\/revisions"}],"predecessor-version":[{"id":5465,"href":"https:\/\/www.cti-commission.fr\/en\/wp-json\/wp\/v2\/posts\/2647\/revisions\/5465"}],"wp:featuredmedia":[{"embeddable":true,"href":"https:\/\/www.cti-commission.fr\/en\/wp-json\/wp\/v2\/media\/2646"}],"wp:attachment":[{"href":"https:\/\/www.cti-commission.fr\/en\/wp-json\/wp\/v2\/media?parent=2647"}],"wp:term":[{"taxonomy":"category","embeddable":true,"href":"https:\/\/www.cti-commission.fr\/en\/wp-json\/wp\/v2\/categories?post=2647"},{"taxonomy":"post_tag","embeddable":true,"href":"https:\/\/www.cti-commission.fr\/en\/wp-json\/wp\/v2\/tags?post=2647"}],"curies":[{"name":"wp","href":"https:\/\/api.w.org\/{rel}","templated":true}]}}