{"id":2625,"date":"2014-07-18T18:20:11","date_gmt":"2014-07-18T16:20:11","guid":{"rendered":"https:\/\/www.cti-commission.fr\/2014\/07\/18\/seance-des-11-et-12-juin-2014"},"modified":"2014-07-18T18:20:11","modified_gmt":"2014-07-18T16:20:11","slug":"seance-des-11-et-12-juin-2014","status":"publish","type":"post","link":"https:\/\/www.cti-commission.fr\/en\/seance-des-11-et-12-juin-2014","title":{"rendered":"S\u00e9ance  pl\u00e9ni\u00e8re des 11 et 12 juin 2014"},"content":{"rendered":"<p>&#8211; adopt\u00e9 le compte rendu de la s\u00e9ance pl\u00e9ni\u00e8re du 13 mai 2014, ainsi que les avis et d\u00e9cisions<br \/>\ncorrespondants.<br \/>\n<br \/>&nbsp;approuv\u00e9 diverses d\u00e9lib\u00e9rations relatives aux consultations de sites et de r\u00e9seaux \u2013 aux sp\u00e9cialit\u00e9s \u2013 aux<br \/>\nconventions entre \u00e9tablissements habilit\u00e9s \u2013 aux avis\/d\u00e9cisions mis en d\u00e9lib\u00e9r\u00e9 \u2013 \u00e0 la r\u00e9partition des<br \/>\ncr\u00e9dits \u00e9cole\/entreprise pour les formations en apprentissage \u2013<br \/>\n<br \/>&nbsp;entendu une communication de Fran\u00e7ois HASCOET relative \u00e0 la situation financi\u00e8re de la Commission \u00e0<br \/>\nl\u2019issue de laquelle le compte de r\u00e9sultat 2013 et le budget 2014 ont \u00e9t\u00e9 approuv\u00e9s \u00e0 l\u2019unanimit\u00e9.<br \/>\n<br \/>&nbsp;approuv\u00e9 une modification de la programmation 2014-2015.<br \/>\n<br \/>&nbsp;approuv\u00e9, sur proposition d\u2019Agn\u00e8s SMITH, diverses modifications dans des \u00e9quipes d\u2019audit.<br \/>\nPuis, la Commission a donn\u00e9 des avis et pris des d\u00e9cisions:<br \/>\n1\/ Suivi p\u00e9riodique du Nord-Ouest \u2013 Acad\u00e9mies de Nantes, Orl\u00e9ans-Tours et Rennes<br \/>\n(habilitation \u00e0 compter de la rentr\u00e9e 2014)<br \/>\nEcole sup\u00e9rieure d\u2019\u00e9lectronique de l\u2019ouest (ESEO)<br \/>\nD\u00e9cision de renouvellement, pour une dur\u00e9e de 6 ans \u00e0 compter du 1er septembre 2014, de l\u2019habilitation de<br \/>\nl\u2019\u00e9tablissement \u00e0 d\u00e9livrer les titres suivants :<br \/>\n<br \/>&nbsp;Ing\u00e9nieur dipl\u00f4m\u00e9 de l\u2019Ecole sup\u00e9rieure d\u2019\u00e9lectronique de l\u2019ouest,<br \/>\nen formation initiale sous statut d\u2019\u00e9tudiant.<br \/>\n<br \/>&nbsp;Ing\u00e9nieur dipl\u00f4m\u00e9 de l\u2019Ecole sup\u00e9rieure d\u2019\u00e9lectronique de l\u2019ouest, sp\u00e9cialit\u00e9 Informatique industrielle, en<br \/>\npartenariat avec l\u2019ITII Pays de la Loire<br \/>\nen formation initiale sous statut d\u2019apprenti et en formation continue.<br \/>\n(DECISION N\u00b0 2014\/06-01)<br \/>\nEcole sup\u00e9rieure angevine d\u2019informatique et de productique (ESAIP)<br \/>\nD\u00e9cision de renouvellement, pour une dur\u00e9e de 6 ans \u00e0 compter du 1er septembre 2014, de l\u2019habilitation de<br \/>\nl\u2019\u00e9tablissement \u00e0 d\u00e9livrer les titres suivants :<br \/>\n<br \/>&nbsp;Ing\u00e9nieur dipl\u00f4m\u00e9 de l\u2019Ecole sup\u00e9rieure angevine d\u2019informatique et de productique, sp\u00e9cialit\u00e9 Informatique<br \/>\net r\u00e9seaux<br \/>\nen formation initiale sous statut d\u2019\u00e9tudiant.<br \/>\n<br \/>&nbsp;Ing\u00e9nieur dipl\u00f4m\u00e9 de l\u2019Ecole sup\u00e9rieure angevine d\u2019informatique et de productique, sp\u00e9cialit\u00e9 S\u00e9curit\u00e9 et<br \/>\npr\u00e9vention des risques.<br \/>\nen formation initiale sous statut d\u2019\u00e9tudiant.<br \/>\n(les 2 premi\u00e8res ann\u00e9es de cette sp\u00e9cialit\u00e9 sont organis\u00e9es \u00e0 Angers et Grasse, la derni\u00e8re ann\u00e9e seulement \u00e0 Angers)<br \/>\n<br \/>&nbsp;Ing\u00e9nieur dipl\u00f4m\u00e9 de l\u2019Ecole sup\u00e9rieure angevine d\u2019informatique et de productique, sp\u00e9cialit\u00e9 S\u00e9curit\u00e9 et<br \/>\npr\u00e9vention des risques, en partenariat avec l\u2019ITII Pays de la Loire,<br \/>\nen formation initiale sous statut d\u2019apprenti et en formation continue.<br \/>\n&#8230;\/\u2026<br \/>\nS\u00e9ance des 11 et 12 juin 2014<\/p>\n<hr \/>\n<p>Relev\u00e9 de conclusions<br \/>\nL\u2019Etablissement devra transmettre, au plus tard le 1er Juillet 2017, au d\u00e9partement des \u00e9coles sup\u00e9rieures et de l\u2019enseignement sup\u00e9rieur priv\u00e9 de la DGESIP, en charge du Greffe de la CTI, un rapport interm\u00e9diaire faisant le point, d\u2019une part sur la situation de la sp\u00e9cialit\u00e9 S\u00e9curit\u00e9 et pr\u00e9vention des risques (recrutement et emploi), d\u2019autre part sur la prise en compte de l\u2019ensemble des recommandations.<br \/>\n(DECISION N\u00b0 2014\/06-02)<br \/>\nEcole sup\u00e9rieure d\u2019agriculture d\u2019Angers (ESA)<br \/>\nD\u00e9cision de renouvellement, pour une dur\u00e9e de 6 ans \u00e0 compter du 1er septembre 2014, de l\u2019habilitation de l\u2019\u00e9tablissement \u00e0 d\u00e9livrer le titre suivant :<br \/>\n<br \/>&nbsp;Ing\u00e9nieur dipl\u00f4m\u00e9 de l\u2019Ecole sup\u00e9rieure d\u2019agriculture d\u2019Angers<br \/>\nen formation initiale sous statut d\u2019\u00e9tudiant et sous statut d\u2019apprenti ainsi qu\u2019en formation continue.<br \/>\nL\u2019Etablissement devra transmettre, au plus tard le 1er Juillet 2017, au d\u00e9partement des \u00e9coles sup\u00e9rieures et de l\u2019enseignement sup\u00e9rieur priv\u00e9 de la DGESIP, en charge du Greffe de la CTI, un rapport interm\u00e9diaire faisant le point, d\u2019une part sur l\u2019enseignement de l\u2019anglais et les r\u00e9sultats obtenus, d\u2019autre part sur la prise en compte de l\u2019ensemble des recommandations.<br \/>\n(DECISION N\u00b0 2014\/06-03)<br \/>\nEcole centrale de Nantes (Centrale Nantes)<br \/>\nAvis favorable au renouvellement, pour une dur\u00e9e de 6 ans \u00e0 compter du 1er septembre 2014, de l\u2019accr\u00e9ditation \u00e0 d\u00e9livrer les titres suivants :<br \/>\n<br \/>&nbsp;Ing\u00e9nieur dipl\u00f4m\u00e9 de l\u2019Ecole centrale de Nantes<br \/>\nen formation initiale sous statut d\u2019\u00e9tudiant. La pr\u00e9paration de ce titre, dans le cadre de l\u2019apprentissage, n\u2019est toutefois renouvel\u00e9e que pour une dur\u00e9e restreinte \u00e0 1 an \u00e0 compter du 1er septembre 2014.<br \/>\n<br \/>&nbsp;Ing\u00e9nieur dipl\u00f4m\u00e9 de l\u2019Ecole centrale de Nantes dans les 2 sp\u00e9cialit\u00e9s \u2013 M\u00e9canique &#8211; B\u00e2timent et travaux publics -, en partenariat avec l\u2019ITII Pays de la Loire,<br \/>\nen formation initiale sous statut d\u2019apprenti et en formation continue.<br \/>\n(AVIS N\u00b0 2014\/05-04)<br \/>\nInstitut sup\u00e9rieur de l\u2019\u00e9lectronique et du num\u00e9rique de Brest (ISEN Brest)<br \/>\n. D\u00e9cision de renouvellement, pour une dur\u00e9e de 6 ans \u00e0 compter du 1er septembre 2014, de l\u2019habilitation \u00e0 d\u00e9livrer les titres suivants :<br \/>\n<br \/>&nbsp;Ing\u00e9nieur dipl\u00f4m\u00e9 de l\u2019Institut sup\u00e9rieur de l\u2019\u00e9lectronique et du num\u00e9rique de Brest<br \/>\nen formation initiale sous statut d\u2019\u00e9tudiant.<br \/>\n<br \/>&nbsp;Ing\u00e9nieur dipl\u00f4m\u00e9 de l\u2019Institut sup\u00e9rieur de l\u2019\u00e9lectronique et du num\u00e9rique de Brest, en partenariat avec l\u2019ITII Bretagne<br \/>\nen formation initiale sous statut d\u2019apprenti ainsi qu\u2019en formation continue.<br \/>\nL\u2019Etablissement devra transmettre, au plus tard le 1er Juillet 2015, au d\u00e9partement des \u00e9coles sup\u00e9rieures et de l\u2019enseignement sup\u00e9rieur priv\u00e9 de la DGESIP, en charge du Greffe de la CTI, un rapport interm\u00e9diaire faisant le point sur la mise en oeuvre r\u00e8glementaire des contrats de professionnalisation dans l\u2019ing\u00e9nierie de formation.<br \/>\n(DECISION N\u00b0 2014\/06-05)<br \/>\nEcole nationale sup\u00e9rieure des techniques avanc\u00e9es Bretagne (ENSTA Bretagne)<br \/>\nAvis favorable au renouvellement, pour une dur\u00e9e de 6 ans \u00e0 compter du 1er septembre 2014, de l\u2019accr\u00e9ditation \u00e0 d\u00e9livrer les titres suivants :<br \/>\n<br \/>&nbsp;Ing\u00e9nieur dipl\u00f4m\u00e9 de l\u2019Ecole nationale sup\u00e9rieure des techniques avanc\u00e9es Bretagne<br \/>\nen formation initiale sous statut d\u2019\u00e9tudiant.<br \/>\n<br \/>&nbsp;Ing\u00e9nieur dipl\u00f4m\u00e9 de l\u2019Ecole nationale sup\u00e9rieure des techniques avanc\u00e9es Bretagne, sp\u00e9cialit\u00e9 M\u00e9canique et \u00e9lectronique, en partenariat avec l\u2019ITII Bretagne<br \/>\nen formation initiale sous statut d\u2019apprenti et en formation continue.<br \/>\n(AVIS N\u00b0 2014\/06-06)<br \/>\nUniversit\u00e9 de Tours<br \/>\n<br \/>&nbsp;Ecole polytechnique de l\u2019Universit\u00e9 de Tours (Polytech Tours)<br \/>\nAvis favorable au renouvellement, pour une dur\u00e9e de 6 ans \u00e0 compter du 1er septembre 2014, de l\u2019accr\u00e9ditation de l\u2019Universit\u00e9 de Tours \u00e0 d\u00e9livrer les titres suivants :<br \/>\n<br \/>&nbsp;Ing\u00e9nieur dipl\u00f4m\u00e9 de l\u2019Ecole polytechnique de l\u2019Universit\u00e9 de Tours dans les 4 sp\u00e9cialit\u00e9s \u2013 Electronique et syst\u00e8mes de l\u2019\u00e9nergie \u00e9lectrique \u2013 M\u00e9canique et conception des syst\u00e8mes \u2013 Informatique \u2013 G\u00e9nie de l\u2019am\u00e9nagement et de l\u2019environnement (nouvel intitul\u00e9 li\u00e9 aux modifications du cursus)<br \/>\nen formation initiale sous statut d\u2019\u00e9tudiant et en formation continue (extension).<br \/>\n\u2026\/\u2026<br \/>\n<br \/>&nbsp;Ing\u00e9nieur dipl\u00f4m\u00e9 de l\u2019Ecole polytechnique de l\u2019Universit\u00e9 de Tours, sp\u00e9cialit\u00e9 Informatique industrielle, en partenariat avec l\u2019ITII Centre<br \/>\nen formation initiale sous statut d\u2019apprenti et en formation continue.<br \/>\nL\u2019Etablissement devra transmettre, au plus tard le 1er Juillet 2017, au d\u00e9partement des \u00e9coles sup\u00e9rieures et de l\u2019enseignement sup\u00e9rieur priv\u00e9 de la DGESIP, en charge du Greffe de la CTI, un rapport interm\u00e9diaire faisant le point, d\u2019une part sur la sp\u00e9cialit\u00e9 G\u00e9nie de l\u2019am\u00e9nagement et de l\u2019environnement, d\u2019autre part sur l\u2019ensemble des recommandations.<br \/>\n(AVIS N\u00b0 2014\/06-07)<br \/>\nEsitpa, \u00e9cole d\u2019ing\u00e9nieurs en agriculture<br \/>\n(ex Ecole sup\u00e9rieure d\u2019ing\u00e9nieurs pour l\u2019agriculture (ESITPA))<br \/>\nApr\u00e8s avoir pris acte de l\u2019arr\u00eat\u00e9 du 22 juillet 2013 approuvant la cr\u00e9ation de l\u2019organisme inter\u00e9tablissement du r\u00e9seau des chambres d\u2019agriculture \u00ab Esitpa, \u00e9cole d\u2019ing\u00e9nieurs en agriculture \u00bb, la Commission habilite, pour une dur\u00e9e de 6 ans \u00e0 compter du 1er septembre 2014, le nouvel organisme \u00e0 d\u00e9livrer le titre suivant :<br \/>\n<br \/>&nbsp;Ing\u00e9nieur dipl\u00f4m\u00e9 de Esitpa, \u00e9cole d\u2019ing\u00e9nieurs en agriculture<br \/>\nen formation initiale sous statut d\u2019\u00e9tudiant.<br \/>\nL\u2019extension \u00e0 l\u2019apprentissage de la pr\u00e9paration de ce titre n\u2019est toutefois accord\u00e9e que pour une dur\u00e9e restreinte \u00e0 3 ans \u00e0 compter du 1er septembre 2014.<br \/>\nL\u2019Etablissement devra transmettre, au plus tard le 1er Juillet 2016, au d\u00e9partement des \u00e9coles sup\u00e9rieures et de l\u2019enseignement sup\u00e9rieur priv\u00e9 de la DGESIP, en charge du Greffe de la CTI, un rapport interm\u00e9diaire faisant le point sur l\u2019\u00e9volution du recrutement, la mise en place du syst\u00e8me qualit\u00e9 et la prise en compte de l\u2019ensemble des recommandations.<br \/>\n(DECISION N\u00b0 2014\/06-08)<br \/>\n2\/ Suivi g\u00e9n\u00e9ral des habilitations<br \/>\nInstitut d\u2019ing\u00e9nierie informatique de Limoges (3iL)<br \/>\nD\u00e9cision de renouvellement, pour une dur\u00e9e de 3 ans \u00e0 compter du 1er septembre 2014, de l\u2019habilitation de l\u2019\u00e9tablissement \u00e0 d\u00e9livrer les titres suivants :<br \/>\n<br \/>&nbsp;Ing\u00e9nieur dipl\u00f4m\u00e9 de l\u2019Institut d\u2019ing\u00e9nierie informatique de Limoges,<br \/>\nen formation initiale sous statut d\u2019\u00e9tudiant et d\u2019apprenti.<br \/>\n(formation sur le site de Limoges)<br \/>\n<br \/>&nbsp;Ing\u00e9nieur dipl\u00f4m\u00e9 de l\u2019Institut d\u2019ing\u00e9nierie informatique de Limoges, en partenariat avec l\u2019ITII Midi-Pyr\u00e9n\u00e9es.<br \/>\nen formation initiale sous statut d\u2019apprenti.<br \/>\n(formation sur le site de Rodez)<br \/>\nLors du suivi p\u00e9riodique du Sud-Ouest, en 2010, l\u2019\u00e9tablissement n\u2019avait obtenu un renouvellement que pour une dur\u00e9e restreinte \u00e0 3 ans (DECISION N\u00b0 2010\/11-01)<br \/>\n(DECISION N\u00b0 2014\/06-09)<br \/>\nUniversit\u00e9 de Pau<br \/>\n<br \/>&nbsp;Ecole nationale sup\u00e9rieure en g\u00e9nie des technologies industrielles (ENSGTI)<br \/>\nLa Commission a pris acte du rapport interm\u00e9diaire qui avait \u00e9t\u00e9 sollicit\u00e9 lors du dernier suivi p\u00e9riodique qui avait conduit \u00e0 un renouvellement d\u2019habilitation pour une dur\u00e9e de 6 ans \u00e0 compter de la rentr\u00e9e 2011 (AVIS 2010\/12-01)<br \/>\nLa Commission constate un travail bien engag\u00e9 et conforte l\u2019\u00e9cole dans les efforts qu\u2019elle doit encore produire afin d\u2019atteindre le niveau de qualit\u00e9 demand\u00e9.<br \/>\n(AVIS N\u00b0 2014\/06-10)<br \/>\n3\/ D\u00e9veloppement de l\u2019apprentissage<br \/>\nCESI<br \/>\nD\u00e9cision d\u2019habilitation, pour une dur\u00e9e restreinte \u00e0 4 ans \u00e0 compter du 1er septembre 2014, \u00e0 d\u00e9livrer le titre suivant :<br \/>\n<br \/>&nbsp;Ing\u00e9nieur dipl\u00f4m\u00e9 du CESI, sp\u00e9cialit\u00e9 B\u00e2timent et travaux publics,<br \/>\nen formation initiale sous statut d\u2019apprenti.<br \/>\nCe dipl\u00f4me sera pr\u00e9par\u00e9 \u00e0 l\u2019Universit\u00e9 de La Rochelle, dans le cadre d\u2019une convention avec cet \u00e9tablissement.<br \/>\n(DECISION N\u00b0 2014\/06-11) \u2026\/\u2026<br \/>\nInstitut national des sciences appliqu\u00e9es de Toulouse (INSA Toulouse)<br \/>\nAvis favorable, pour une dur\u00e9e restreinte \u00e0 2 ans \u00e0 compter du 1er septembre 2014, de l\u2019extension \u00e0 l\u2019apprentissage de la pr\u00e9paration du titre suivant :<br \/>\n<br \/>&nbsp;Ing\u00e9nieur dipl\u00f4m\u00e9 de l\u2019Institut national des sciences appliqu\u00e9es de Toulouse, sp\u00e9cialit\u00e9 G\u00e9nie m\u00e9canique,<br \/>\n(formation sur les sites de Toulouse et Rodez)<br \/>\nUne premi\u00e8re demande avait \u00e9t\u00e9 \u00e9tudi\u00e9e en mars 2014 (AVIS N\u00b0 2014\/03-05),mais l\u2019examen du dossier pr\u00e9sent\u00e9 avait conduit la Commission \u00e0 donner un avis d\u00e9favorable.<br \/>\n(AVIS N\u00b0 2014\/06-12)<br \/>\n4\/ Action internationale \u2013 Attribution du label EUR-ACE \u00e0 des formations \u00e9trang\u00e8res<br \/>\nEcole sup\u00e9rieure priv\u00e9e d\u2019ing\u00e9nieurs en technologie (ESPRIT) &#8211; Tunisie<br \/>\nLa Commission d\u00e9cide d\u2019attribuer le label EUR-ACE Master, pour une dur\u00e9e de 3 ans \u00e0 compter du 1er septembre 2014, aux dipl\u00f4mes suivants :<br \/>\nDipl\u00f4me national d\u2019ing\u00e9nieur en sp\u00e9cialit\u00e9 Informatique, d\u00e9livr\u00e9 par l\u2019Ecole sup\u00e9rieure priv\u00e9e d\u2019ing\u00e9nieurs en technologie (ESPRIT)<br \/>\nDipl\u00f4me national d\u2019ing\u00e9nieur en sp\u00e9cialit\u00e9 T\u00e9l\u00e9communications, d\u00e9livr\u00e9 par l\u2019Ecole sup\u00e9rieure priv\u00e9e d\u2019ing\u00e9nieurs en technologie (ESPRIT)<br \/>\n(DECISION N\u00b0 2014\/06-13)<br \/>\nArts, Sciences &#038; Technology University in Lebanon (AUL) &#8211; Liban<br \/>\nLa Commission d\u00e9cide d\u2019attribuer le label EUR-ACE Master, pour une dur\u00e9e de 3 ans \u00e0 compter du 1er septembre 2014, au dipl\u00f4me suivant :<br \/>\nMaster of Science &#8211; Computer and Communications Engineering, d\u00e9livr\u00e9 par l\u2019Etablissement Arts, Sciences &#038; Technology in Lebanon (AUL).<br \/>\n(DECISION N\u00b0 2014\/06-14)<br \/>\nAndr\u00e9 MORA<\/p>\n","protected":false},"excerpt":{"rendered":"<p>La Commission des titres d\u2019ing\u00e9nieur s\u2019est r\u00e9unie en s\u00e9ance pl\u00e9ni\u00e8re les 11 et 12 juin 2014 \u00e0 Paris, sous la<br \/>\npr\u00e9sidence de Philippe MASS\u00c9.<br \/>\nEn d\u00e9but de s\u00e9ance, en pr\u00e9sence de Jean-Marie BLANC, directeur du d\u00e9partement des relations<br \/>\ninstitutionnelles et partenariales de l\u2019Association pour l\u2019emploi des cadres (APEC), Philippe MASS\u00c9 a sign\u00e9<br \/>\nun avenant \u00e0 la convention cadre de partenariat du 24 avril 2012. Cet avenant avait \u00e9t\u00e9 sign\u00e9 par Jean-<br \/>\nMarie MARX, directeur g\u00e9n\u00e9ral de l\u2019APEC, le 10 juin 2014.<br \/>\nEnsuite, la Commission a<\/p>\n","protected":false},"author":7,"featured_media":0,"comment_status":"closed","ping_status":"open","sticky":false,"template":"","format":"standard","meta":{"_price":"","_stock":"","_tribe_ticket_header":"","_tribe_default_ticket_provider":"","_tribe_ticket_capacity":"0","_ticket_start_date":"","_ticket_end_date":"","_tribe_ticket_show_description":"","_tribe_ticket_show_not_going":false,"_tribe_ticket_use_global_stock":"","_tribe_ticket_global_stock_level":"","_global_stock_mode":"","_global_stock_cap":"","_tribe_rsvp_for_event":"","_tribe_ticket_going_count":"","_tribe_ticket_not_going_count":"","_tribe_tickets_list":"[]","_tribe_ticket_has_attendee_info_fields":false,"footnotes":""},"categories":[19],"tags":[],"class_list":["post-2625","post","type-post","status-publish","format-standard","hentry","category-assemblees-plenieres-releves-de-conclusions-avis-et-decisions-concernant-les-formations"],"translation":{"provider":"WPGlobus","version":"3.0.2","language":"en","enabled_languages":["fr","en"],"languages":{"fr":{"title":true,"content":true,"excerpt":true},"en":{"title":false,"content":false,"excerpt":false}}},"_links":{"self":[{"href":"https:\/\/www.cti-commission.fr\/en\/wp-json\/wp\/v2\/posts\/2625","targetHints":{"allow":["GET"]}}],"collection":[{"href":"https:\/\/www.cti-commission.fr\/en\/wp-json\/wp\/v2\/posts"}],"about":[{"href":"https:\/\/www.cti-commission.fr\/en\/wp-json\/wp\/v2\/types\/post"}],"author":[{"embeddable":true,"href":"https:\/\/www.cti-commission.fr\/en\/wp-json\/wp\/v2\/users\/7"}],"replies":[{"embeddable":true,"href":"https:\/\/www.cti-commission.fr\/en\/wp-json\/wp\/v2\/comments?post=2625"}],"version-history":[{"count":1,"href":"https:\/\/www.cti-commission.fr\/en\/wp-json\/wp\/v2\/posts\/2625\/revisions"}],"predecessor-version":[{"id":3849,"href":"https:\/\/www.cti-commission.fr\/en\/wp-json\/wp\/v2\/posts\/2625\/revisions\/3849"}],"wp:attachment":[{"href":"https:\/\/www.cti-commission.fr\/en\/wp-json\/wp\/v2\/media?parent=2625"}],"wp:term":[{"taxonomy":"category","embeddable":true,"href":"https:\/\/www.cti-commission.fr\/en\/wp-json\/wp\/v2\/categories?post=2625"},{"taxonomy":"post_tag","embeddable":true,"href":"https:\/\/www.cti-commission.fr\/en\/wp-json\/wp\/v2\/tags?post=2625"}],"curies":[{"name":"wp","href":"https:\/\/api.w.org\/{rel}","templated":true}]}}