{"id":2482,"date":"2014-01-13T14:13:52","date_gmt":"2014-01-13T13:13:52","guid":{"rendered":"https:\/\/www.cti-commission.fr\/2014\/01\/13\/par-quel-biais-les-voir-exposition"},"modified":"2017-11-08T16:17:04","modified_gmt":"2017-11-08T15:17:04","slug":"par-quel-biais-les-voir-exposition","status":"publish","type":"post","link":"https:\/\/www.cti-commission.fr\/en\/par-quel-biais-les-voir-exposition","title":{"rendered":"&#8220;Par quel biais les voir ?&#8221; &#8211; Exposition de photographies sur les ing\u00e9nieurs"},"content":{"rendered":"<p>Ce travail est le fruit de deux ann\u00e9es de recherche et de collaboration entre une chercheuse et une artiste autour de la question des ing\u00e9nieurs et plus particuli\u00e8rement des ing\u00e9nieurs &#8220;atypiques&#8221;, car impliqu\u00e9s dans une activit\u00e9 professionnelle qui met la question de la solidarit\u00e9 et de l&#8217;utilit\u00e9 sociale de leur travail au premier plan.<\/p>\n<p>Cette recherche crois\u00e9e a permis \u00e0 la chercheuse et \u00e0 la photographe de se confronter, chacune dans leur domaine, \u00e0 l&#8217;\u00e9pineuse question de l&#8217;objectivit\u00e9.<\/p>\n<p>L&#8217;exposition se compose de vingt portraits, con\u00e7us lors de la rencontre de la photographe avec une s\u00e9lection de vingt ing\u00e9nieurs du panel de recherche de la sociologue.<\/p>\n<p>Cette exposition est propose\u0301e par la CFDT Cadres en illustration de son investissement pour les parcours professionnels des inge\u0301nieurs et des cadres et son engagement dans les organismes de\u0301die\u0301s : Ce\u0301si, Apec et Cti<\/p>\n<p>Elle a \u00e9t\u00e9 r\u00e9alis\u00e9e avec le soutien de la Grande Campagne de m\u00e9c\u00e9nat de l&#8217;Universit\u00e9 Catholique de Lille et de l&#8217;entreprise Eiffage-Energie ;<\/p>\n","protected":false},"excerpt":{"rendered":"<p>&#8220;Par quel biais les voir ? Portraits obliques d&#8217;ing\u00e9nieurs singuliers\u200b&#8221;\u200b<br \/>\nVernissage le jeudi 23 janvier, a\u0300 18h30.<br \/>\nExposition pr\u00e9sent\u00e9e du 20\/01\/14 au 07\/02\/14\u200b, du lundi au vendredi de\u200b10h \u00e0 19h.<br \/>\n\u200bImmeuble des f\u00e9d\u00e9rations CFDT, 47 avenue Simon-Bolivar, 75019 Paris<br \/>\nExposition de Delphine LERMITE, photographe, r\u00e9alis\u00e9e en collaboration avec Christelle DIDIER, \u200bsociologue.<\/p>\n","protected":false},"author":7,"featured_media":0,"comment_status":"closed","ping_status":"open","sticky":false,"template":"","format":"standard","meta":{"_price":"","_stock":"","_tribe_ticket_header":"","_tribe_default_ticket_provider":"","_tribe_ticket_capacity":"0","_ticket_start_date":"","_ticket_end_date":"","_tribe_ticket_show_description":"","_tribe_ticket_show_not_going":false,"_tribe_ticket_use_global_stock":"","_tribe_ticket_global_stock_level":"","_global_stock_mode":"","_global_stock_cap":"","_tribe_rsvp_for_event":"","_tribe_ticket_going_count":"","_tribe_ticket_not_going_count":"","_tribe_tickets_list":"[]","_tribe_ticket_has_attendee_info_fields":false,"footnotes":""},"categories":[422],"tags":[],"class_list":["post-2482","post","type-post","status-publish","format-standard","hentry","category-evenements-externes"],"translation":{"provider":"WPGlobus","version":"3.0.2","language":"en","enabled_languages":["fr","en"],"languages":{"fr":{"title":true,"content":true,"excerpt":true},"en":{"title":false,"content":false,"excerpt":false}}},"_links":{"self":[{"href":"https:\/\/www.cti-commission.fr\/en\/wp-json\/wp\/v2\/posts\/2482","targetHints":{"allow":["GET"]}}],"collection":[{"href":"https:\/\/www.cti-commission.fr\/en\/wp-json\/wp\/v2\/posts"}],"about":[{"href":"https:\/\/www.cti-commission.fr\/en\/wp-json\/wp\/v2\/types\/post"}],"author":[{"embeddable":true,"href":"https:\/\/www.cti-commission.fr\/en\/wp-json\/wp\/v2\/users\/7"}],"replies":[{"embeddable":true,"href":"https:\/\/www.cti-commission.fr\/en\/wp-json\/wp\/v2\/comments?post=2482"}],"version-history":[{"count":1,"href":"https:\/\/www.cti-commission.fr\/en\/wp-json\/wp\/v2\/posts\/2482\/revisions"}],"predecessor-version":[{"id":5548,"href":"https:\/\/www.cti-commission.fr\/en\/wp-json\/wp\/v2\/posts\/2482\/revisions\/5548"}],"wp:attachment":[{"href":"https:\/\/www.cti-commission.fr\/en\/wp-json\/wp\/v2\/media?parent=2482"}],"wp:term":[{"taxonomy":"category","embeddable":true,"href":"https:\/\/www.cti-commission.fr\/en\/wp-json\/wp\/v2\/categories?post=2482"},{"taxonomy":"post_tag","embeddable":true,"href":"https:\/\/www.cti-commission.fr\/en\/wp-json\/wp\/v2\/tags?post=2482"}],"curies":[{"name":"wp","href":"https:\/\/api.w.org\/{rel}","templated":true}]}}