{"id":2435,"date":"2014-02-10T15:03:00","date_gmt":"2014-02-10T14:03:00","guid":{"rendered":"https:\/\/www.cti-commission.fr\/2014\/02\/10\/colloque-annuel-de-la-cti-2014"},"modified":"2017-11-08T16:22:31","modified_gmt":"2017-11-08T15:22:31","slug":"colloque-annuel-de-la-cti-2014","status":"publish","type":"post","link":"https:\/\/www.cti-commission.fr\/en\/colloque-annuel-de-la-cti-2014","title":{"rendered":"Colloque annuel de la CTI 2014"},"content":{"rendered":"<p>Pour le lancement de la campagne d\u2019habilitation p\u00e9riodique 2013-2014, la CTI tiendra son colloque annuel le mardi 11 f\u00e9vrier 2014, \u00e0 Grenoble.<br \/>\nIl sera pr\u00e9c\u00e9d\u00e9 le lundi 10 f\u00e9vrier, \u00e9galement \u00e0 Grenoble, d\u2019un atelier international  sur le d\u00e9veloppement des projets de collaboration avec les Etats-Unis.<br \/>\nCes 2 manifestations sont largement ouvertes aux directeurs des \u00e9coles et \u00e0 leurs proches collaborateurs, ainsi qu\u2019aux repr\u00e9sentants des institutions concern\u00e9es par la formation des ing\u00e9nieurs.<\/p>\n<p><img loading=\"lazy\" decoding=\"async\" class=\" size-full wp-image-2429\" src=\"https:\/\/www.cti-commission.fr\/wp-content\/uploads\/2014\/02\/grenoble_inp_-_cmjn.jpg\" alt=\"grenoble_inp\" width=\"2339\" height=\"1654\" \/> <img loading=\"lazy\" decoding=\"async\" class=\" size-full wp-image-2430\" src=\"https:\/\/www.cti-commission.fr\/wp-content\/uploads\/2014\/02\/logo_polytech_grenoble.jpg\" alt=\"polytech_grenoble\" width=\"1271\" height=\"395\" \/> <img loading=\"lazy\" decoding=\"async\" class=\" size-full wp-image-2431\" src=\"https:\/\/www.cti-commission.fr\/wp-content\/uploads\/2014\/02\/web_chemin_15882_1389191890.jpg\" alt=\"R\u00e9gion Rh\u00f4ne Alpes\" width=\"450\" height=\"135\" \/> <img loading=\"lazy\" decoding=\"async\" class=\" size-full wp-image-2432\" src=\"https:\/\/www.cti-commission.fr\/wp-content\/uploads\/2014\/02\/logo-ville-de-grenoble-couleur-png-.png\" alt=\"ville-de-grenoble\" width=\"385\" height=\"385\" \/> <img loading=\"lazy\" decoding=\"async\" class=\" size-full wp-image-2433\" src=\"https:\/\/www.cti-commission.fr\/wp-content\/uploads\/2014\/02\/logo_smtc_2011.jpg\" alt=\"smtc\" width=\"147\" height=\"147\" \/> <img loading=\"lazy\" decoding=\"async\" class=\" size-full wp-image-2434\" src=\"https:\/\/www.cti-commission.fr\/wp-content\/uploads\/2014\/02\/anybodesign-logo-black-rvb.jpg\" alt=\"anybodesign\" width=\"2356\" height=\"2279\" \/><\/p>\n<div id='gallery-2' class='gallery galleryid-2435 gallery-columns-3 gallery-size-thumbnail'><figure class='gallery-item'>\n\t\t\t<div class='gallery-icon landscape'>\n\t\t\t\t<a href='https:\/\/www.cti-commission.fr\/wp-content\/uploads\/2014\/02\/anybodesign-logo-black-rvb.jpg'><img loading=\"lazy\" decoding=\"async\" width=\"150\" height=\"150\" src=\"https:\/\/www.cti-commission.fr\/wp-content\/uploads\/2014\/02\/anybodesign-logo-black-rvb-150x150.jpg\" class=\"attachment-thumbnail size-thumbnail\" alt=\"anybodesign\" \/><\/a>\n\t\t\t<\/div><\/figure><figure class='gallery-item'>\n\t\t\t<div class='gallery-icon landscape'>\n\t\t\t\t<a href='https:\/\/www.cti-commission.fr\/wp-content\/uploads\/2014\/02\/logo_polytech_grenoble.jpg'><img loading=\"lazy\" decoding=\"async\" width=\"150\" height=\"150\" src=\"https:\/\/www.cti-commission.fr\/wp-content\/uploads\/2014\/02\/logo_polytech_grenoble-150x150.jpg\" class=\"attachment-thumbnail size-thumbnail\" alt=\"polytech_grenoble\" \/><\/a>\n\t\t\t<\/div><\/figure><figure class='gallery-item'>\n\t\t\t<div class='gallery-icon landscape'>\n\t\t\t\t<a href='https:\/\/www.cti-commission.fr\/wp-content\/uploads\/2014\/02\/logo_smtc_2011.jpg'><img loading=\"lazy\" decoding=\"async\" width=\"147\" height=\"147\" src=\"https:\/\/www.cti-commission.fr\/wp-content\/uploads\/2014\/02\/logo_smtc_2011.jpg\" class=\"attachment-thumbnail size-thumbnail\" alt=\"smtc\" \/><\/a>\n\t\t\t<\/div><\/figure><figure class='gallery-item'>\n\t\t\t<div class='gallery-icon landscape'>\n\t\t\t\t<a href='https:\/\/www.cti-commission.fr\/wp-content\/uploads\/2014\/02\/logo-ville-de-grenoble-couleur-png-.png'><img loading=\"lazy\" decoding=\"async\" width=\"150\" height=\"150\" src=\"https:\/\/www.cti-commission.fr\/wp-content\/uploads\/2014\/02\/logo-ville-de-grenoble-couleur-png--150x150.png\" class=\"attachment-thumbnail size-thumbnail\" alt=\"ville-de-grenoble\" \/><\/a>\n\t\t\t<\/div><\/figure><figure class='gallery-item'>\n\t\t\t<div class='gallery-icon landscape'>\n\t\t\t\t<a href='https:\/\/www.cti-commission.fr\/wp-content\/uploads\/2014\/02\/web_chemin_15882_1389191890.jpg'><img loading=\"lazy\" decoding=\"async\" width=\"150\" height=\"135\" src=\"https:\/\/www.cti-commission.fr\/wp-content\/uploads\/2014\/02\/web_chemin_15882_1389191890-150x135.jpg\" class=\"attachment-thumbnail size-thumbnail\" alt=\"R\u00e9gion Rh\u00f4ne Alpes\" \/><\/a>\n\t\t\t<\/div><\/figure><figure class='gallery-item'>\n\t\t\t<div class='gallery-icon landscape'>\n\t\t\t\t<a href='https:\/\/www.cti-commission.fr\/wp-content\/uploads\/2014\/02\/grenoble_inp_-_cmjn.jpg'><img loading=\"lazy\" decoding=\"async\" width=\"150\" height=\"150\" src=\"https:\/\/www.cti-commission.fr\/wp-content\/uploads\/2014\/02\/grenoble_inp_-_cmjn-150x150.jpg\" class=\"attachment-thumbnail size-thumbnail\" alt=\"grenoble_inp\" \/><\/a>\n\t\t\t<\/div><\/figure>\n\t\t<\/div>\n\n","protected":false},"excerpt":{"rendered":"<p>POUR LES PARTICIPANTS AU COLLOQUE ARRIVANT EN TRAIN, UN ACCUEIL EN GARE DE GRENOBLE PAR LES \u00c9L\u00c8VES ING\u00c9NIEURS DU BNEI, BREI ET GRAND CERCLE SERA MIS EN PLACE DANS LE HALL PRINCIPAL DE 8H30 A 10H30<\/p>\n","protected":false},"author":7,"featured_media":2428,"comment_status":"closed","ping_status":"open","sticky":false,"template":"","format":"standard","meta":{"_price":"","_stock":"","_tribe_ticket_header":"","_tribe_default_ticket_provider":"","_tribe_ticket_capacity":"0","_ticket_start_date":"","_ticket_end_date":"","_tribe_ticket_show_description":"","_tribe_ticket_show_not_going":false,"_tribe_ticket_use_global_stock":"","_tribe_ticket_global_stock_level":"","_global_stock_mode":"","_global_stock_cap":"","_tribe_rsvp_for_event":"","_tribe_ticket_going_count":"","_tribe_ticket_not_going_count":"","_tribe_tickets_list":"[]","_tribe_ticket_has_attendee_info_fields":false,"footnotes":""},"categories":[14,421],"tags":[],"class_list":["post-2435","post","type-post","status-publish","format-standard","has-post-thumbnail","hentry","category-communications-evenements","category-evenements-cti"],"translation":{"provider":"WPGlobus","version":"3.0.2","language":"en","enabled_languages":["fr","en"],"languages":{"fr":{"title":true,"content":true,"excerpt":true},"en":{"title":false,"content":false,"excerpt":false}}},"_links":{"self":[{"href":"https:\/\/www.cti-commission.fr\/en\/wp-json\/wp\/v2\/posts\/2435","targetHints":{"allow":["GET"]}}],"collection":[{"href":"https:\/\/www.cti-commission.fr\/en\/wp-json\/wp\/v2\/posts"}],"about":[{"href":"https:\/\/www.cti-commission.fr\/en\/wp-json\/wp\/v2\/types\/post"}],"author":[{"embeddable":true,"href":"https:\/\/www.cti-commission.fr\/en\/wp-json\/wp\/v2\/users\/7"}],"replies":[{"embeddable":true,"href":"https:\/\/www.cti-commission.fr\/en\/wp-json\/wp\/v2\/comments?post=2435"}],"version-history":[{"count":1,"href":"https:\/\/www.cti-commission.fr\/en\/wp-json\/wp\/v2\/posts\/2435\/revisions"}],"predecessor-version":[{"id":2439,"href":"https:\/\/www.cti-commission.fr\/en\/wp-json\/wp\/v2\/posts\/2435\/revisions\/2439"}],"wp:featuredmedia":[{"embeddable":true,"href":"https:\/\/www.cti-commission.fr\/en\/wp-json\/wp\/v2\/media\/2428"}],"wp:attachment":[{"href":"https:\/\/www.cti-commission.fr\/en\/wp-json\/wp\/v2\/media?parent=2435"}],"wp:term":[{"taxonomy":"category","embeddable":true,"href":"https:\/\/www.cti-commission.fr\/en\/wp-json\/wp\/v2\/categories?post=2435"},{"taxonomy":"post_tag","embeddable":true,"href":"https:\/\/www.cti-commission.fr\/en\/wp-json\/wp\/v2\/tags?post=2435"}],"curies":[{"name":"wp","href":"https:\/\/api.w.org\/{rel}","templated":true}]}}