{"id":2114,"date":"2011-11-17T18:23:09","date_gmt":"2011-11-17T17:23:09","guid":{"rendered":"https:\/\/www.cti-commission.fr\/2011\/11\/17\/seance-pleniere-du-11-octobre-2011"},"modified":"2011-11-17T18:23:09","modified_gmt":"2011-11-17T17:23:09","slug":"seance-pleniere-du-11-octobre-2011","status":"publish","type":"post","link":"https:\/\/www.cti-commission.fr\/en\/seance-pleniere-du-11-octobre-2011","title":{"rendered":"S\u00e9ance pl\u00e9ni\u00e8re du 11 octobre 2011"},"content":{"rendered":"<p>La Commission a :<br \/>\n<br \/>&nbsp;adopt\u00e9 le compte rendu de la s\u00e9ance pl\u00e9ni\u00e8re du 13 septembre 2011, ainsi que les avis et d\u00e9cisions<br \/>\ncorrespondants<br \/>\n<br \/>&nbsp;entendu plusieurs communications :<\/p>\n<ul>\n<li> Bernard REMAUD a rendu compte de la rencontre avec le Pr\u00e9sident de l\u2019AERES.<\/li>\n<li> Marc PEYRADE a pr\u00e9sent\u00e9 les travaux du s\u00e9minaire prospectif interne qui s\u2019est tenu le 30 ao\u00fbt 2011 \u00e0<br \/>\nChennevi\u00e8res-sur-Marne.<\/li>\n<li> Teresa SANCHEZ a expos\u00e9 le bilan de l\u2019enqu\u00eate de satisfaction interne organis\u00e9e par le groupe qualit\u00e9<br \/>\naupr\u00e8s des membres de la Commission.<\/li>\n<li> Philippe MASSE a fait le point sur l\u2019avancement de la nouvelle \u00e9dition de R&#038;O.<\/li>\n<\/ul>\n<p>&nbsp;pris connaissance du projet de nouvel arr\u00eat\u00e9 portant mention de la liste des \u00e9coles habilit\u00e9es \u00e0 d\u00e9livrer le titre<br \/>\nd\u2019ing\u00e9nieur dipl\u00f4m\u00e9.<br \/>\n<br \/>&nbsp;approuv\u00e9 le calendrier pr\u00e9visionnel 2011\/2012 des passages en s\u00e9ances pl\u00e9ni\u00e8res.<br \/>\n<br \/>&nbsp;approuv\u00e9, sur proposition de Corinne CABASSUD, la liste actualis\u00e9e des \u00e9l\u00e8ves-ing\u00e9nieurs qui participeront, en<br \/>\ntant qu\u2019experts, aux missions du suivi p\u00e9riodique de l\u2019acad\u00e9mie de Paris.<br \/>\n<br \/>&nbsp;approuv\u00e9 la proposition du Bureau, pr\u00e9sent\u00e9e par Teresa SANCHEZ, relative aux compositions de diff\u00e9rentes<br \/>\nmissions, hors suivi p\u00e9riodique.<\/p>\n<p>Enfin, la Commission a donn\u00e9 des avis et pris des d\u00e9cisions (voir relev\u00e9 ci-joint)<\/p>\n","protected":false},"excerpt":{"rendered":"<p>La CTI s&#8217;est r\u00e9unie en s\u00e9ance pl\u00e9ni\u00e8re le 11 octobre 2011 \u00e0 Neuilly-sur-Seine, sous la pr\u00e9sidence de Bernard REMAUD.<\/p>\n","protected":false},"author":2,"featured_media":0,"comment_status":"closed","ping_status":"open","sticky":false,"template":"","format":"standard","meta":{"_price":"","_stock":"","_tribe_ticket_header":"","_tribe_default_ticket_provider":"","_tribe_ticket_capacity":"0","_ticket_start_date":"","_ticket_end_date":"","_tribe_ticket_show_description":"","_tribe_ticket_show_not_going":false,"_tribe_ticket_use_global_stock":"","_tribe_ticket_global_stock_level":"","_global_stock_mode":"","_global_stock_cap":"","_tribe_rsvp_for_event":"","_tribe_ticket_going_count":"","_tribe_ticket_not_going_count":"","_tribe_tickets_list":"[]","_tribe_ticket_has_attendee_info_fields":false,"footnotes":""},"categories":[19],"tags":[],"class_list":["post-2114","post","type-post","status-publish","format-standard","hentry","category-assemblees-plenieres-releves-de-conclusions-avis-et-decisions-concernant-les-formations"],"translation":{"provider":"WPGlobus","version":"3.0.2","language":"en","enabled_languages":["fr","en"],"languages":{"fr":{"title":true,"content":true,"excerpt":true},"en":{"title":false,"content":false,"excerpt":false}}},"_links":{"self":[{"href":"https:\/\/www.cti-commission.fr\/en\/wp-json\/wp\/v2\/posts\/2114","targetHints":{"allow":["GET"]}}],"collection":[{"href":"https:\/\/www.cti-commission.fr\/en\/wp-json\/wp\/v2\/posts"}],"about":[{"href":"https:\/\/www.cti-commission.fr\/en\/wp-json\/wp\/v2\/types\/post"}],"author":[{"embeddable":true,"href":"https:\/\/www.cti-commission.fr\/en\/wp-json\/wp\/v2\/users\/2"}],"replies":[{"embeddable":true,"href":"https:\/\/www.cti-commission.fr\/en\/wp-json\/wp\/v2\/comments?post=2114"}],"version-history":[{"count":0,"href":"https:\/\/www.cti-commission.fr\/en\/wp-json\/wp\/v2\/posts\/2114\/revisions"}],"wp:attachment":[{"href":"https:\/\/www.cti-commission.fr\/en\/wp-json\/wp\/v2\/media?parent=2114"}],"wp:term":[{"taxonomy":"category","embeddable":true,"href":"https:\/\/www.cti-commission.fr\/en\/wp-json\/wp\/v2\/categories?post=2114"},{"taxonomy":"post_tag","embeddable":true,"href":"https:\/\/www.cti-commission.fr\/en\/wp-json\/wp\/v2\/tags?post=2114"}],"curies":[{"name":"wp","href":"https:\/\/api.w.org\/{rel}","templated":true}]}}