{"id":2051,"date":"2011-04-18T10:37:57","date_gmt":"2011-04-18T08:37:57","guid":{"rendered":"https:\/\/www.cti-commission.fr\/2011\/04\/18\/seance-pleniere-du-8-mars-2011"},"modified":"2011-04-18T10:37:57","modified_gmt":"2011-04-18T08:37:57","slug":"seance-pleniere-du-8-mars-2011","status":"publish","type":"post","link":"https:\/\/www.cti-commission.fr\/en\/seance-pleniere-du-8-mars-2011","title":{"rendered":"S\u00e9ance pl\u00e9ni\u00e8re du 8 mars 2011"},"content":{"rendered":"<p>Au cours de cette s\u00e9ance pl\u00e9ni\u00e8re, la Commission a :<br \/>\n<br \/>&nbsp;adopt\u00e9 le compte rendu de la s\u00e9ance pl\u00e9ni\u00e8re du 9 f\u00e9vrier 2011, ainsi que les avis et d\u00e9cisions correspondants.<br \/>\n<br \/>&nbsp;approuv\u00e9 la proposition du Bureau relative \u00e0 la composition actualis\u00e9e des missions pour les \u00e9tablissements de l\u2019Acad\u00e9mie de Paris.<br \/>\n<br \/>&nbsp;approuv\u00e9, sur proposition de Corinne CABASSUD, les compositions des missions qui interviendront dans le cadre du suivi &#8221; hors p\u00e9riodique &#8220;.<br \/>\n<br \/>&nbsp;entendu une communication de Teresa SANCHEZ sur l\u2019outil informatique mis \u00e0 la disposition des membres dela Commission<\/p>\n<p>Enfin, la Commission a donn\u00e9 des avis et pris une d\u00e9cision.<\/p>\n","protected":false},"excerpt":{"rendered":"<p>La CTI s&#8217;est r\u00e9unie en s\u00e9ance pl\u00e9ni\u00e8re le 8 mars 2011 \u00e0 Neuilly-sur-Seine, sous la pr\u00e9sidence de Bernard REMAUD.<\/p>\n","protected":false},"author":2,"featured_media":0,"comment_status":"closed","ping_status":"open","sticky":false,"template":"","format":"standard","meta":{"_price":"","_stock":"","_tribe_ticket_header":"","_tribe_default_ticket_provider":"","_tribe_ticket_capacity":"0","_ticket_start_date":"","_ticket_end_date":"","_tribe_ticket_show_description":"","_tribe_ticket_show_not_going":false,"_tribe_ticket_use_global_stock":"","_tribe_ticket_global_stock_level":"","_global_stock_mode":"","_global_stock_cap":"","_tribe_rsvp_for_event":"","_tribe_ticket_going_count":"","_tribe_ticket_not_going_count":"","_tribe_tickets_list":"[]","_tribe_ticket_has_attendee_info_fields":false,"footnotes":""},"categories":[19],"tags":[],"class_list":["post-2051","post","type-post","status-publish","format-standard","hentry","category-assemblees-plenieres-releves-de-conclusions-avis-et-decisions-concernant-les-formations"],"translation":{"provider":"WPGlobus","version":"3.0.2","language":"en","enabled_languages":["fr","en"],"languages":{"fr":{"title":true,"content":true,"excerpt":true},"en":{"title":false,"content":false,"excerpt":false}}},"_links":{"self":[{"href":"https:\/\/www.cti-commission.fr\/en\/wp-json\/wp\/v2\/posts\/2051","targetHints":{"allow":["GET"]}}],"collection":[{"href":"https:\/\/www.cti-commission.fr\/en\/wp-json\/wp\/v2\/posts"}],"about":[{"href":"https:\/\/www.cti-commission.fr\/en\/wp-json\/wp\/v2\/types\/post"}],"author":[{"embeddable":true,"href":"https:\/\/www.cti-commission.fr\/en\/wp-json\/wp\/v2\/users\/2"}],"replies":[{"embeddable":true,"href":"https:\/\/www.cti-commission.fr\/en\/wp-json\/wp\/v2\/comments?post=2051"}],"version-history":[{"count":0,"href":"https:\/\/www.cti-commission.fr\/en\/wp-json\/wp\/v2\/posts\/2051\/revisions"}],"wp:attachment":[{"href":"https:\/\/www.cti-commission.fr\/en\/wp-json\/wp\/v2\/media?parent=2051"}],"wp:term":[{"taxonomy":"category","embeddable":true,"href":"https:\/\/www.cti-commission.fr\/en\/wp-json\/wp\/v2\/categories?post=2051"},{"taxonomy":"post_tag","embeddable":true,"href":"https:\/\/www.cti-commission.fr\/en\/wp-json\/wp\/v2\/tags?post=2051"}],"curies":[{"name":"wp","href":"https:\/\/api.w.org\/{rel}","templated":true}]}}