{"id":1969,"date":"2010-09-30T09:51:01","date_gmt":"2010-09-30T07:51:01","guid":{"rendered":"https:\/\/www.cti-commission.fr\/2010\/09\/30\/seance-pleniere-du-14-septembre"},"modified":"2010-09-30T09:51:01","modified_gmt":"2010-09-30T07:51:01","slug":"seance-pleniere-du-14-septembre","status":"publish","type":"post","link":"https:\/\/www.cti-commission.fr\/en\/seance-pleniere-du-14-septembre","title":{"rendered":"S\u00e9ance pl\u00e9ni\u00e8re du 14 septembre 2010"},"content":{"rendered":"<p>La Commission a<br \/>\n<br \/>&nbsp;fait un premier bilan rapide de la journ\u00e9e de formation du 13 septembre.<br \/>\n<br \/>&nbsp;adopt\u00e9 le compte rendu de la s\u00e9ance pl\u00e9ni\u00e8re du 6 juillet 2010, ainsi que les avis et d\u00e9cisions correspondants.<br \/>\n<br \/>&nbsp;approuv\u00e9 les propositions du Pr\u00e9sident quant \u00e0 la composition du Bureau et \u00e0 la nomination de d\u00e9l\u00e9gu\u00e9s et<br \/>\ncharg\u00e9s de mission.<br \/>\n<br \/>&nbsp;approuv\u00e9 la constitution de 4 groupes de travail plac\u00e9s sous la responsabilit\u00e9 de membres du Bureau :<br \/>\nFormation (A.JENEVEAU) \u2013 M\u00e9tier\/emploi (L. MAHIEU et Ph. MASSE) \u2013 Relations internationales<br \/>\n(R.P. MARTIN \u2013DENAVIT) \u2013 R&#038;O 2012 (Ph. MASSE)<br \/>\n<br \/>&nbsp;entendu une pr\u00e9sentation par le Pr\u00e9sident du projet de plan d\u2019actions 2010\/2012. Le plan sera soumis au vote<br \/>\nle 12 octobre prochain.<br \/>\n<br \/>&nbsp;approuv\u00e9 les propositions de nominations de rapporteurs pr\u00e9sent\u00e9es par C. CABASSUD<\/p>\n<ul>\n<li> d\u2019une part dans le cadre du suivi p\u00e9riodique du Sud-Ouest.<br \/>\nles derni\u00e8res nominations seront propos\u00e9es \u00e0 la s\u00e9ance du 12 octobre prochain.<\/li>\n<li> d\u2019autre part pour diff\u00e9rentes missions hors suivi p\u00e9riodique.<\/li>\n<\/ul>\n<p>&nbsp;entendu une communication de P. FLEICHMANN qui a pr\u00e9sent\u00e9<\/p>\n<ul>\n<li> le guide de r\u00e9daction d\u2019un rapport de mission de cat\u00e9gorie A (renouvellement d\u2019une habilitation arrivant \u00e0<br \/>\n\u00e9ch\u00e9ance en phase avec le calendrier national p\u00e9riodique), adopt\u00e9 le 7 juillet 2009.<\/li>\n<li> le projet de guide de r\u00e9daction d\u2019un rapport de mission de cat\u00e9gorie B (renouvellement hors calendrier<br \/>\nnational p\u00e9riodique)<\/li>\n<li> les projets de guides de pr\u00e9sentation en s\u00e9ance pl\u00e9ni\u00e8re de missions de cat\u00e9gories A et B<\/li>\n<\/ul>\n<p>&nbsp;fix\u00e9 au mardi 8 f\u00e9vrier 2011 le prochain Colloque annuel au cours duquel sera lanc\u00e9e la campagne de suivi<br \/>\np\u00e9riodique des \u00e9tablissements de l\u2019Acad\u00e9mie de Paris.<br \/>\n<br \/>&nbsp;d\u00e9sign\u00e9 ses repr\u00e9sentants au Jury national d\u2019attribution du titre d\u2019Ing\u00e9nieur dipl\u00f4m\u00e9 par l\u2019\u00c9tat : Yves BREVAL,<br \/>\nSylvie CHEVALET, Philippe MASSE et Robert PELLETIER. La prochaine r\u00e9union de ce Jury doit avoir lieu le<br \/>\n8 d\u00e9cembre 2010.<\/p>\n<p>Enfin, la Commission a donn\u00e9 des avis.<\/p>\n","protected":false},"excerpt":{"rendered":"<p>La Commission s&#8217;est r\u00e9unie en s\u00e9ance pl\u00e9ni\u00e8re le 14 septembre 2010 \u00e0 9 heures \u00e0 Neuilly-sur-Seine, sous la pr\u00e9sidence de Bernard REMAUD.<\/p>\n","protected":false},"author":2,"featured_media":0,"comment_status":"closed","ping_status":"open","sticky":false,"template":"","format":"standard","meta":{"_price":"","_stock":"","_tribe_ticket_header":"","_tribe_default_ticket_provider":"","_tribe_ticket_capacity":"0","_ticket_start_date":"","_ticket_end_date":"","_tribe_ticket_show_description":"","_tribe_ticket_show_not_going":false,"_tribe_ticket_use_global_stock":"","_tribe_ticket_global_stock_level":"","_global_stock_mode":"","_global_stock_cap":"","_tribe_rsvp_for_event":"","_tribe_ticket_going_count":"","_tribe_ticket_not_going_count":"","_tribe_tickets_list":"[]","_tribe_ticket_has_attendee_info_fields":false,"footnotes":""},"categories":[19],"tags":[],"class_list":["post-1969","post","type-post","status-publish","format-standard","hentry","category-assemblees-plenieres-releves-de-conclusions-avis-et-decisions-concernant-les-formations"],"translation":{"provider":"WPGlobus","version":"3.0.2","language":"en","enabled_languages":["fr","en"],"languages":{"fr":{"title":true,"content":true,"excerpt":true},"en":{"title":false,"content":false,"excerpt":false}}},"_links":{"self":[{"href":"https:\/\/www.cti-commission.fr\/en\/wp-json\/wp\/v2\/posts\/1969","targetHints":{"allow":["GET"]}}],"collection":[{"href":"https:\/\/www.cti-commission.fr\/en\/wp-json\/wp\/v2\/posts"}],"about":[{"href":"https:\/\/www.cti-commission.fr\/en\/wp-json\/wp\/v2\/types\/post"}],"author":[{"embeddable":true,"href":"https:\/\/www.cti-commission.fr\/en\/wp-json\/wp\/v2\/users\/2"}],"replies":[{"embeddable":true,"href":"https:\/\/www.cti-commission.fr\/en\/wp-json\/wp\/v2\/comments?post=1969"}],"version-history":[{"count":0,"href":"https:\/\/www.cti-commission.fr\/en\/wp-json\/wp\/v2\/posts\/1969\/revisions"}],"wp:attachment":[{"href":"https:\/\/www.cti-commission.fr\/en\/wp-json\/wp\/v2\/media?parent=1969"}],"wp:term":[{"taxonomy":"category","embeddable":true,"href":"https:\/\/www.cti-commission.fr\/en\/wp-json\/wp\/v2\/categories?post=1969"},{"taxonomy":"post_tag","embeddable":true,"href":"https:\/\/www.cti-commission.fr\/en\/wp-json\/wp\/v2\/tags?post=1969"}],"curies":[{"name":"wp","href":"https:\/\/api.w.org\/{rel}","templated":true}]}}