{"id":1845,"date":"2010-04-10T11:32:00","date_gmt":"2010-04-10T09:32:00","guid":{"rendered":"https:\/\/www.cti-commission.fr\/2010\/04\/10\/la-cti-est-membre-a-part-entiere-d"},"modified":"2017-10-25T15:26:01","modified_gmt":"2017-10-25T13:26:01","slug":"la-cti-est-membre-a-part-entiere-d","status":"publish","type":"post","link":"https:\/\/www.cti-commission.fr\/en\/la-cti-est-membre-a-part-entiere-d","title":{"rendered":"La CTI est membre \u00e0 part enti\u00e8re d&#8217;ENQA"},"content":{"rendered":"<p>Cette appartenance est primordiale pour les activit\u00e9s internationales de la CTI : co-\u00e9valuation de cursus conjoints, participation au programme ECA, accr\u00e9ditation des implantations d\u2019\u00e9coles fran\u00e7aises \u00e0 l\u2019\u00e9tranger et d\u2019institutions \u00e9trang\u00e8res.<\/p>\n<p>Pour appartenir \u00e0 ENQA, la CTI a subi un processus d\u2019\u00e9valuation externe pour prouver que ses processus et proc\u00e9dures sont conformes aux <a href= IMG\/pdf\/ESG_v03.pdf> R\u00e9f\u00e9rences et lignes directrices<\/a> pour le management de la qualit\u00e9 dans l\u2019espace europ\u00e9en de l&#8217;enseignement sup\u00e9rieur.<\/p>\n<p>Lors de l\u2019\u00e9valuation externe de mars 2009 la CTI a \u00e9t\u00e9 reconfirm\u00e9 comme membre \u00e0 part enti\u00e8re d\u2019ENQA.  <a href= IMG\/pdf\/Rapport_final_evaluation_CTI.pdf> T\u00e9l\u00e9charger le rapport d\u2019\u00e9valuation externe de la CTI <\/a><\/p>\n","protected":false},"excerpt":{"rendered":"<p>Pour la CTI, l\u2019appartenance comme membre \u00e0 part enti\u00e8re d\u2019ENQA (European Association for Quality Assurance in Higher Education) est strat\u00e9giquement importante. C\u2019est une incitation forte \u00e0 am\u00e9liorer contin\u00fbment sa qualit\u00e9 globale et cela constitue un gage de reconnaissance par les \u00e9coles d\u2019ing\u00e9nieurs et les autorit\u00e9s de tutelle. <\/p>\n","protected":false},"author":7,"featured_media":0,"comment_status":"closed","ping_status":"open","sticky":false,"template":"","format":"standard","meta":{"_price":"","_stock":"","_tribe_ticket_header":"","_tribe_default_ticket_provider":"","_tribe_ticket_capacity":"0","_ticket_start_date":"","_ticket_end_date":"","_tribe_ticket_show_description":"","_tribe_ticket_show_not_going":false,"_tribe_ticket_use_global_stock":"","_tribe_ticket_global_stock_level":"","_global_stock_mode":"","_global_stock_cap":"","_tribe_rsvp_for_event":"","_tribe_ticket_going_count":"","_tribe_ticket_not_going_count":"","_tribe_tickets_list":"[]","_tribe_ticket_has_attendee_info_fields":false,"footnotes":""},"categories":[14,12,182],"tags":[],"class_list":["post-1845","post","type-post","status-publish","format-standard","hentry","category-communications-evenements","category-actualites","category-enqa"],"translation":{"provider":"WPGlobus","version":"3.0.2","language":"en","enabled_languages":["fr","en"],"languages":{"fr":{"title":true,"content":true,"excerpt":true},"en":{"title":false,"content":false,"excerpt":false}}},"_links":{"self":[{"href":"https:\/\/www.cti-commission.fr\/en\/wp-json\/wp\/v2\/posts\/1845","targetHints":{"allow":["GET"]}}],"collection":[{"href":"https:\/\/www.cti-commission.fr\/en\/wp-json\/wp\/v2\/posts"}],"about":[{"href":"https:\/\/www.cti-commission.fr\/en\/wp-json\/wp\/v2\/types\/post"}],"author":[{"embeddable":true,"href":"https:\/\/www.cti-commission.fr\/en\/wp-json\/wp\/v2\/users\/7"}],"replies":[{"embeddable":true,"href":"https:\/\/www.cti-commission.fr\/en\/wp-json\/wp\/v2\/comments?post=1845"}],"version-history":[{"count":1,"href":"https:\/\/www.cti-commission.fr\/en\/wp-json\/wp\/v2\/posts\/1845\/revisions"}],"predecessor-version":[{"id":5476,"href":"https:\/\/www.cti-commission.fr\/en\/wp-json\/wp\/v2\/posts\/1845\/revisions\/5476"}],"wp:attachment":[{"href":"https:\/\/www.cti-commission.fr\/en\/wp-json\/wp\/v2\/media?parent=1845"}],"wp:term":[{"taxonomy":"category","embeddable":true,"href":"https:\/\/www.cti-commission.fr\/en\/wp-json\/wp\/v2\/categories?post=1845"},{"taxonomy":"post_tag","embeddable":true,"href":"https:\/\/www.cti-commission.fr\/en\/wp-json\/wp\/v2\/tags?post=1845"}],"curies":[{"name":"wp","href":"https:\/\/api.w.org\/{rel}","templated":true}]}}