{"id":1836,"date":"2010-03-19T10:40:23","date_gmt":"2010-03-19T09:40:23","guid":{"rendered":"https:\/\/www.cti-commission.fr\/2010\/03\/19\/seance-pleniere-du-10-fevrier-2010"},"modified":"2010-03-19T10:40:23","modified_gmt":"2010-03-19T09:40:23","slug":"seance-pleniere-du-10-fevrier-2010","status":"publish","type":"post","link":"https:\/\/www.cti-commission.fr\/en\/seance-pleniere-du-10-fevrier-2010","title":{"rendered":"S\u00e9ance pl\u00e9ni\u00e8re du 10 f\u00e9vrier 2010"},"content":{"rendered":"<p>La Commission a<br \/>\n<br \/>&nbsp;eu un premier \u00e9change de vues sur le bilan du colloque annuel des 8 et 9 f\u00e9vrier 2010<br \/>\n<br \/>&nbsp;report\u00e9 au 9 mars 2010 l\u2019adoption du compte rendu de la s\u00e9ance pl\u00e9ni\u00e8re des 12 et 13 janvier 2010, ainsi que les avis et d\u00e9cisions correspondants.<br \/>\n<br \/>&nbsp;approuv\u00e9 les compositions de diff\u00e9rentes missions, hors suivi p\u00e9riodique, pr\u00e9sent\u00e9es par Corinne CABASSUD<\/p>\n<p>Enfin, la Commission a donn\u00e9 des avis et pris une d\u00e9cision<\/p>\n","protected":false},"excerpt":{"rendered":"<p>La CTI s&#8217;est r\u00e9unie en s\u00e9ance pl\u00e9ni\u00e8re le 10 f\u00e9vrier 2010, le lendemain de son colloque annuel, \u00e0 Poitiers (Universit\u00e9 de Poitiers &#8211; \u00c9cole sup\u00e9rieure d\u2019ing\u00e9nieurs de Poitiers), sous la pr\u00e9sidence de Bernard REMAUD. <\/p>\n","protected":false},"author":2,"featured_media":0,"comment_status":"closed","ping_status":"open","sticky":false,"template":"","format":"standard","meta":{"_price":"","_stock":"","_tribe_ticket_header":"","_tribe_default_ticket_provider":"","_tribe_ticket_capacity":"0","_ticket_start_date":"","_ticket_end_date":"","_tribe_ticket_show_description":"","_tribe_ticket_show_not_going":false,"_tribe_ticket_use_global_stock":"","_tribe_ticket_global_stock_level":"","_global_stock_mode":"","_global_stock_cap":"","_tribe_rsvp_for_event":"","_tribe_ticket_going_count":"","_tribe_ticket_not_going_count":"","_tribe_tickets_list":"[]","_tribe_ticket_has_attendee_info_fields":false,"footnotes":""},"categories":[19],"tags":[],"class_list":["post-1836","post","type-post","status-publish","format-standard","hentry","category-assemblees-plenieres-releves-de-conclusions-avis-et-decisions-concernant-les-formations"],"translation":{"provider":"WPGlobus","version":"3.0.2","language":"en","enabled_languages":["fr","en"],"languages":{"fr":{"title":true,"content":true,"excerpt":true},"en":{"title":false,"content":false,"excerpt":false}}},"_links":{"self":[{"href":"https:\/\/www.cti-commission.fr\/en\/wp-json\/wp\/v2\/posts\/1836","targetHints":{"allow":["GET"]}}],"collection":[{"href":"https:\/\/www.cti-commission.fr\/en\/wp-json\/wp\/v2\/posts"}],"about":[{"href":"https:\/\/www.cti-commission.fr\/en\/wp-json\/wp\/v2\/types\/post"}],"author":[{"embeddable":true,"href":"https:\/\/www.cti-commission.fr\/en\/wp-json\/wp\/v2\/users\/2"}],"replies":[{"embeddable":true,"href":"https:\/\/www.cti-commission.fr\/en\/wp-json\/wp\/v2\/comments?post=1836"}],"version-history":[{"count":0,"href":"https:\/\/www.cti-commission.fr\/en\/wp-json\/wp\/v2\/posts\/1836\/revisions"}],"wp:attachment":[{"href":"https:\/\/www.cti-commission.fr\/en\/wp-json\/wp\/v2\/media?parent=1836"}],"wp:term":[{"taxonomy":"category","embeddable":true,"href":"https:\/\/www.cti-commission.fr\/en\/wp-json\/wp\/v2\/categories?post=1836"},{"taxonomy":"post_tag","embeddable":true,"href":"https:\/\/www.cti-commission.fr\/en\/wp-json\/wp\/v2\/tags?post=1836"}],"curies":[{"name":"wp","href":"https:\/\/api.w.org\/{rel}","templated":true}]}}