{"id":1818,"date":"2010-03-19T10:15:38","date_gmt":"2010-03-19T09:15:38","guid":{"rendered":"https:\/\/www.cti-commission.fr\/2010\/03\/19\/seance-pleniere-des-12-13-janvier"},"modified":"2010-03-19T10:15:38","modified_gmt":"2010-03-19T09:15:38","slug":"seance-pleniere-des-12-13-janvier","status":"publish","type":"post","link":"https:\/\/www.cti-commission.fr\/en\/seance-pleniere-des-12-13-janvier","title":{"rendered":"S\u00e9ance pl\u00e9ni\u00e8re des 12 &#038; 13 janvier 2010"},"content":{"rendered":"<p>La Commission a<br \/>\n<br \/>&nbsp;approuv\u00e9 le compte rendu de la s\u00e9ance pl\u00e9ni\u00e8re du 8 d\u00e9cembre 2009, ainsi que les avis et d\u00e9cisions correspondants.<br \/>\n<br \/>&nbsp;pris connaissance de la signature de la convention-cadre avec la CDEFI qui recevra la subvention minist\u00e9rielle relative \u00e0 l\u2019ann\u00e9e 2010.<br \/>\n<br \/>&nbsp;approuv\u00e9 les orientations budg\u00e9taires pour l\u2019ann\u00e9e 2010<br \/>\n<br \/>&nbsp;eu un \u00e9change de vues sur certains \u00e9l\u00e9ments du cahier compl\u00e9mentaire, pr\u00e9sent\u00e9s par Jacques BERANGER.<br \/>\n<br \/>&nbsp;approuv\u00e9 la liste, pr\u00e9sent\u00e9e par Corinne CABASSUD, des rapporteurs principaux pour le suivi p\u00e9riodique du Sud-Ouest,<br \/>\n<br \/>&nbsp;d\u00e9sign\u00e9 des rapporteurs pour diff\u00e9rentes missions, hors suivi p\u00e9riodique.<\/p>\n<p>Enfin la Commission a donn\u00e9 des avis et pris des d\u00e9cisions (d\u00e9tails ci-contre \u00e0 t\u00e9l\u00e9charger)<\/p>\n","protected":false},"excerpt":{"rendered":"<p>La CTI s&#8217;est r\u00e9unie en s\u00e9ance pl\u00e9ni\u00e8re les 12 et 13 janvier 2010 \u00e0 Neuilly-sur-Seine, sous la pr\u00e9sidence de Bernard REMAUD.<\/p>\n","protected":false},"author":2,"featured_media":0,"comment_status":"closed","ping_status":"open","sticky":false,"template":"","format":"standard","meta":{"_price":"","_stock":"","_tribe_ticket_header":"","_tribe_default_ticket_provider":"","_tribe_ticket_capacity":"0","_ticket_start_date":"","_ticket_end_date":"","_tribe_ticket_show_description":"","_tribe_ticket_show_not_going":false,"_tribe_ticket_use_global_stock":"","_tribe_ticket_global_stock_level":"","_global_stock_mode":"","_global_stock_cap":"","_tribe_rsvp_for_event":"","_tribe_ticket_going_count":"","_tribe_ticket_not_going_count":"","_tribe_tickets_list":"[]","_tribe_ticket_has_attendee_info_fields":false,"footnotes":""},"categories":[19],"tags":[],"class_list":["post-1818","post","type-post","status-publish","format-standard","hentry","category-assemblees-plenieres-releves-de-conclusions-avis-et-decisions-concernant-les-formations"],"translation":{"provider":"WPGlobus","version":"3.0.2","language":"en","enabled_languages":["fr","en"],"languages":{"fr":{"title":true,"content":true,"excerpt":true},"en":{"title":false,"content":false,"excerpt":false}}},"_links":{"self":[{"href":"https:\/\/www.cti-commission.fr\/en\/wp-json\/wp\/v2\/posts\/1818","targetHints":{"allow":["GET"]}}],"collection":[{"href":"https:\/\/www.cti-commission.fr\/en\/wp-json\/wp\/v2\/posts"}],"about":[{"href":"https:\/\/www.cti-commission.fr\/en\/wp-json\/wp\/v2\/types\/post"}],"author":[{"embeddable":true,"href":"https:\/\/www.cti-commission.fr\/en\/wp-json\/wp\/v2\/users\/2"}],"replies":[{"embeddable":true,"href":"https:\/\/www.cti-commission.fr\/en\/wp-json\/wp\/v2\/comments?post=1818"}],"version-history":[{"count":0,"href":"https:\/\/www.cti-commission.fr\/en\/wp-json\/wp\/v2\/posts\/1818\/revisions"}],"wp:attachment":[{"href":"https:\/\/www.cti-commission.fr\/en\/wp-json\/wp\/v2\/media?parent=1818"}],"wp:term":[{"taxonomy":"category","embeddable":true,"href":"https:\/\/www.cti-commission.fr\/en\/wp-json\/wp\/v2\/categories?post=1818"},{"taxonomy":"post_tag","embeddable":true,"href":"https:\/\/www.cti-commission.fr\/en\/wp-json\/wp\/v2\/tags?post=1818"}],"curies":[{"name":"wp","href":"https:\/\/api.w.org\/{rel}","templated":true}]}}