{"id":1762,"date":"2009-12-02T16:33:45","date_gmt":"2009-12-02T15:33:45","guid":{"rendered":"https:\/\/www.cti-commission.fr\/2009\/12\/02\/seance-pleniere-du-10-novembre"},"modified":"2009-12-02T16:33:45","modified_gmt":"2009-12-02T15:33:45","slug":"seance-pleniere-du-10-novembre","status":"publish","type":"post","link":"https:\/\/www.cti-commission.fr\/en\/seance-pleniere-du-10-novembre","title":{"rendered":"S\u00e9ance pl\u00e9ni\u00e8re du 10 novembre 2009"},"content":{"rendered":"<p>La Commission a:<br \/>\n<br \/>&nbsp;approuv\u00e9 le compte rendu de la s\u00e9ance pl\u00e9ni\u00e8re du 13 octobre 2009, ainsi que les avis et d\u00e9cisions correspondants.<br \/>\n<br \/>&nbsp;pris connaissance du projet de programme du Colloque annuel qui aura lieu mardi 9 f\u00e9vrier 2010, de 9 heures \u00e0 17 heures 30, au Palais des congr\u00e8s du Futuroscope. Il sera pr\u00e9c\u00e9d\u00e9 d\u2019un atelier international lundi 8 f\u00e9vrier \u00e0 partir de 15 heures. La s\u00e9ance pl\u00e9ni\u00e8re mensuelle de la Commission aura lieu mercredi 10 f\u00e9vrier \u00e0 Poitiers.<br \/>\n<br \/>&nbsp;autoris\u00e9 le Pr\u00e9sident \u00e0 signer une convention-cadre avec le Centre international d\u2019\u00e9tudes p\u00e9dagogiques.<br \/>\n<br \/>&nbsp;d\u00e9sign\u00e9 des rapporteurs pour diff\u00e9rentes missions, hors suivi p\u00e9riodique.<\/p>\n<p>Enfin, la Commission a donn\u00e9 des avis et pris des d\u00e9cisions (d\u00e9tails \u00e0 t\u00e9l\u00e9charger ci-contre)<\/p>\n","protected":false},"excerpt":{"rendered":"<p>La CTI s&#8217;est r\u00e9unie en s\u00e9ance pl\u00e9ni\u00e8re le 10 novembre 2009 \u00e0 Neuilly-sur-Seine, sous la pr\u00e9sidence de Pierre COMPTE et Maurice PINKUS, vice-pr\u00e9sidents, le pr\u00e9sident Bernard REMAUD \u00e9tant en mission au Br\u00e9sil<\/p>\n","protected":false},"author":2,"featured_media":0,"comment_status":"closed","ping_status":"open","sticky":false,"template":"","format":"standard","meta":{"_price":"","_stock":"","_tribe_ticket_header":"","_tribe_default_ticket_provider":"","_tribe_ticket_capacity":"0","_ticket_start_date":"","_ticket_end_date":"","_tribe_ticket_show_description":"","_tribe_ticket_show_not_going":false,"_tribe_ticket_use_global_stock":"","_tribe_ticket_global_stock_level":"","_global_stock_mode":"","_global_stock_cap":"","_tribe_rsvp_for_event":"","_tribe_ticket_going_count":"","_tribe_ticket_not_going_count":"","_tribe_tickets_list":"[]","_tribe_ticket_has_attendee_info_fields":false,"footnotes":""},"categories":[19],"tags":[],"class_list":["post-1762","post","type-post","status-publish","format-standard","hentry","category-assemblees-plenieres-releves-de-conclusions-avis-et-decisions-concernant-les-formations"],"translation":{"provider":"WPGlobus","version":"3.0.2","language":"en","enabled_languages":["fr","en"],"languages":{"fr":{"title":true,"content":true,"excerpt":true},"en":{"title":false,"content":false,"excerpt":false}}},"_links":{"self":[{"href":"https:\/\/www.cti-commission.fr\/en\/wp-json\/wp\/v2\/posts\/1762","targetHints":{"allow":["GET"]}}],"collection":[{"href":"https:\/\/www.cti-commission.fr\/en\/wp-json\/wp\/v2\/posts"}],"about":[{"href":"https:\/\/www.cti-commission.fr\/en\/wp-json\/wp\/v2\/types\/post"}],"author":[{"embeddable":true,"href":"https:\/\/www.cti-commission.fr\/en\/wp-json\/wp\/v2\/users\/2"}],"replies":[{"embeddable":true,"href":"https:\/\/www.cti-commission.fr\/en\/wp-json\/wp\/v2\/comments?post=1762"}],"version-history":[{"count":0,"href":"https:\/\/www.cti-commission.fr\/en\/wp-json\/wp\/v2\/posts\/1762\/revisions"}],"wp:attachment":[{"href":"https:\/\/www.cti-commission.fr\/en\/wp-json\/wp\/v2\/media?parent=1762"}],"wp:term":[{"taxonomy":"category","embeddable":true,"href":"https:\/\/www.cti-commission.fr\/en\/wp-json\/wp\/v2\/categories?post=1762"},{"taxonomy":"post_tag","embeddable":true,"href":"https:\/\/www.cti-commission.fr\/en\/wp-json\/wp\/v2\/tags?post=1762"}],"curies":[{"name":"wp","href":"https:\/\/api.w.org\/{rel}","templated":true}]}}