{"id":1750,"date":"2009-10-25T10:59:53","date_gmt":"2009-10-25T09:59:53","guid":{"rendered":"https:\/\/www.cti-commission.fr\/2009\/10\/25\/seance-pleniere-du-13-octobre-2009"},"modified":"2009-10-25T10:59:53","modified_gmt":"2009-10-25T09:59:53","slug":"seance-pleniere-du-13-octobre-2009","status":"publish","type":"post","link":"https:\/\/www.cti-commission.fr\/en\/seance-pleniere-du-13-octobre-2009","title":{"rendered":"S\u00e9ance pl\u00e9ni\u00e8re du 13 octobre 2009"},"content":{"rendered":"<p>La Commission a<\/p>\n<p>&nbsp;approuv\u00e9 le compte rendu de la s\u00e9ance pl\u00e9ni\u00e8re du 15 septembre 2009.<br \/>\n<br \/>&nbsp;entendu Philippe Mass\u00e9 sur le bilan et les nouvelles modalit\u00e9s de l&#8217;enqu\u00eate annuelle aupr\u00e8s des \u00e9coles concern\u00e9es par l\u2019habilitation p\u00e9riodique.<br \/>\n<br \/>&nbsp;d\u00e9sign\u00e9 des rapporteurs pour diff\u00e9rentes missions, hors suivi p\u00e9riodique.<\/p>\n<p>Enfin, la Commission a donn\u00e9 des avis et pris des d\u00e9cisions (voir d\u00e9tails ci-joints)\t<\/p>\n","protected":false},"excerpt":{"rendered":"<p>La CTI s&#8217;est r\u00e9unie en s\u00e9ance pl\u00e9ni\u00e8re le 13 octobre 2009 \u00e0 Neuilly-sur-Seine, sous la pr\u00e9sidence de Bernard REMAUD.<\/p>\n","protected":false},"author":2,"featured_media":0,"comment_status":"closed","ping_status":"open","sticky":false,"template":"","format":"standard","meta":{"_price":"","_stock":"","_tribe_ticket_header":"","_tribe_default_ticket_provider":"","_tribe_ticket_capacity":"0","_ticket_start_date":"","_ticket_end_date":"","_tribe_ticket_show_description":"","_tribe_ticket_show_not_going":false,"_tribe_ticket_use_global_stock":"","_tribe_ticket_global_stock_level":"","_global_stock_mode":"","_global_stock_cap":"","_tribe_rsvp_for_event":"","_tribe_ticket_going_count":"","_tribe_ticket_not_going_count":"","_tribe_tickets_list":"[]","_tribe_ticket_has_attendee_info_fields":false,"footnotes":""},"categories":[19],"tags":[],"class_list":["post-1750","post","type-post","status-publish","format-standard","hentry","category-assemblees-plenieres-releves-de-conclusions-avis-et-decisions-concernant-les-formations"],"translation":{"provider":"WPGlobus","version":"3.0.2","language":"en","enabled_languages":["fr","en"],"languages":{"fr":{"title":true,"content":true,"excerpt":true},"en":{"title":false,"content":false,"excerpt":false}}},"_links":{"self":[{"href":"https:\/\/www.cti-commission.fr\/en\/wp-json\/wp\/v2\/posts\/1750","targetHints":{"allow":["GET"]}}],"collection":[{"href":"https:\/\/www.cti-commission.fr\/en\/wp-json\/wp\/v2\/posts"}],"about":[{"href":"https:\/\/www.cti-commission.fr\/en\/wp-json\/wp\/v2\/types\/post"}],"author":[{"embeddable":true,"href":"https:\/\/www.cti-commission.fr\/en\/wp-json\/wp\/v2\/users\/2"}],"replies":[{"embeddable":true,"href":"https:\/\/www.cti-commission.fr\/en\/wp-json\/wp\/v2\/comments?post=1750"}],"version-history":[{"count":0,"href":"https:\/\/www.cti-commission.fr\/en\/wp-json\/wp\/v2\/posts\/1750\/revisions"}],"wp:attachment":[{"href":"https:\/\/www.cti-commission.fr\/en\/wp-json\/wp\/v2\/media?parent=1750"}],"wp:term":[{"taxonomy":"category","embeddable":true,"href":"https:\/\/www.cti-commission.fr\/en\/wp-json\/wp\/v2\/categories?post=1750"},{"taxonomy":"post_tag","embeddable":true,"href":"https:\/\/www.cti-commission.fr\/en\/wp-json\/wp\/v2\/tags?post=1750"}],"curies":[{"name":"wp","href":"https:\/\/api.w.org\/{rel}","templated":true}]}}