{"id":1705,"date":"2009-07-09T16:57:09","date_gmt":"2009-07-09T14:57:09","guid":{"rendered":"https:\/\/www.cti-commission.fr\/2009\/07\/09\/seance-pleniere-de-9-et-10-juin"},"modified":"2009-07-09T16:57:09","modified_gmt":"2009-07-09T14:57:09","slug":"seance-pleniere-de-9-et-10-juin","status":"publish","type":"post","link":"https:\/\/www.cti-commission.fr\/en\/seance-pleniere-de-9-et-10-juin","title":{"rendered":"S\u00e9ance pl\u00e9ni\u00e8re de 9 et 10 juin"},"content":{"rendered":"<p>La Commission s\u2019est tout d\u2019abord f\u00e9licit\u00e9e de la d\u00e9cision du Bureau de ENQA (European association for quality assurance in higher education) de l\u2019avoir confirm\u00e9e en tant que &#8220;Full Membership &#8220;, \u00e0 compter du 2 juin 2009.<br \/>\nLa Commission a chaleureusement remerci\u00e9 le Pr\u00e9sident Bernard REMAUD pour son action.<\/p>\n<p>Elle a re\u00e7u Monsieur Yazid SABEG, Commissaire \u00e0 la diversit\u00e9 et \u00e0 l\u2019\u00e9galit\u00e9 des chances.<br \/>\nMonsieur SABEG a comment\u00e9 certains \u00e9l\u00e9ments contenus dans le rapport qu\u2019il a remis au Pr\u00e9sident de la R\u00e9publique et apport\u00e9 diff\u00e9rentes informations. L\u2019\u00e9change qui a suivi a montr\u00e9 une bonne identit\u00e9 de vues et la Commission a assur\u00e9 le Commissaire de sa volont\u00e9 de poursuivre activement la diversification de l\u2019acc\u00e8s aux \u00e9coles d\u2019ing\u00e9nieur, notamment par les d\u00e9veloppements de la voie technologique et de l\u2019apprentissage. Monsieur Yazid SABEG s\u2019est d\u00e9clar\u00e9 favorable \u00e0 ce que l\u2019apprentissage soit principalement organis\u00e9 sur les 3 ann\u00e9es terminales de la formation et \u00e0 ce que l\u2019action de la Commission s\u2019exerce sur la totalit\u00e9 de cursus de 5 ann\u00e9es conduisant au titre d\u2019ing\u00e9nieur dipl\u00f4m\u00e9.<\/p>\n<p>Ensuite, la Commission a<br \/>\n<br \/>&nbsp;adopt\u00e9 les comptes rendus des s\u00e9ances pl\u00e9ni\u00e8res des 14 avril et 12 mai 2009.<br \/>\n<br \/>&nbsp;d\u00e9sign\u00e9 des rapporteurs pour diff\u00e9rentes missions, hors suivi p\u00e9riodique.<\/p>\n<p>Enfin, la Commission a donn\u00e9 des avis et pris des d\u00e9cisions. Vous pouvez t\u00e9l\u00e9charger le d\u00e9tail ci-contre.<\/p>\n","protected":false},"excerpt":{"rendered":"<p>La CTI s\u2019est r\u00e9unie en s\u00e9ance pl\u00e9ni\u00e8re, le 9 et 10 juin 2009 \u00e0 Neuilly-sur-Seine, sous la pr\u00e9sidence de Bernard REMAUD.<\/p>\n","protected":false},"author":2,"featured_media":0,"comment_status":"closed","ping_status":"open","sticky":false,"template":"","format":"standard","meta":{"_price":"","_stock":"","_tribe_ticket_header":"","_tribe_default_ticket_provider":"","_tribe_ticket_capacity":"0","_ticket_start_date":"","_ticket_end_date":"","_tribe_ticket_show_description":"","_tribe_ticket_show_not_going":false,"_tribe_ticket_use_global_stock":"","_tribe_ticket_global_stock_level":"","_global_stock_mode":"","_global_stock_cap":"","_tribe_rsvp_for_event":"","_tribe_ticket_going_count":"","_tribe_ticket_not_going_count":"","_tribe_tickets_list":"[]","_tribe_ticket_has_attendee_info_fields":false,"footnotes":""},"categories":[19],"tags":[],"class_list":["post-1705","post","type-post","status-publish","format-standard","hentry","category-assemblees-plenieres-releves-de-conclusions-avis-et-decisions-concernant-les-formations"],"translation":{"provider":"WPGlobus","version":"3.0.2","language":"en","enabled_languages":["fr","en"],"languages":{"fr":{"title":true,"content":true,"excerpt":true},"en":{"title":false,"content":false,"excerpt":false}}},"_links":{"self":[{"href":"https:\/\/www.cti-commission.fr\/en\/wp-json\/wp\/v2\/posts\/1705","targetHints":{"allow":["GET"]}}],"collection":[{"href":"https:\/\/www.cti-commission.fr\/en\/wp-json\/wp\/v2\/posts"}],"about":[{"href":"https:\/\/www.cti-commission.fr\/en\/wp-json\/wp\/v2\/types\/post"}],"author":[{"embeddable":true,"href":"https:\/\/www.cti-commission.fr\/en\/wp-json\/wp\/v2\/users\/2"}],"replies":[{"embeddable":true,"href":"https:\/\/www.cti-commission.fr\/en\/wp-json\/wp\/v2\/comments?post=1705"}],"version-history":[{"count":0,"href":"https:\/\/www.cti-commission.fr\/en\/wp-json\/wp\/v2\/posts\/1705\/revisions"}],"wp:attachment":[{"href":"https:\/\/www.cti-commission.fr\/en\/wp-json\/wp\/v2\/media?parent=1705"}],"wp:term":[{"taxonomy":"category","embeddable":true,"href":"https:\/\/www.cti-commission.fr\/en\/wp-json\/wp\/v2\/categories?post=1705"},{"taxonomy":"post_tag","embeddable":true,"href":"https:\/\/www.cti-commission.fr\/en\/wp-json\/wp\/v2\/tags?post=1705"}],"curies":[{"name":"wp","href":"https:\/\/api.w.org\/{rel}","templated":true}]}}