{"id":16814,"date":"2025-04-18T12:02:35","date_gmt":"2025-04-18T10:02:35","guid":{"rendered":"https:\/\/www.cti-commission.fr\/?p=16814"},"modified":"2025-06-23T10:57:43","modified_gmt":"2025-06-23T08:57:43","slug":"seance-pleniere-des-mardi-14-et-mercredi-15-janvier-2025","status":"publish","type":"post","link":"https:\/\/www.cti-commission.fr\/en\/seance-pleniere-des-mardi-14-et-mercredi-15-janvier-2025","title":{"rendered":"SEANCE PLENIERE DES MARDI 14 ET MERCREDI 15 JANVIER 2025"},"content":{"rendered":"\n<p>Durant la s\u00e9ance pl\u00e9ni\u00e8re des mardi 14 et mercredi 15 janvier 2025, pr\u00e9sid\u00e9e par Claire Peyratout, Jean-Louis Allard et Fabrice Losson, la Commission des Titres d&#8217;ing\u00e9nieur a :<\/p>\n\n\n\n<h2 class=\"wp-block-heading\" id=\"block-298e11c9-0fd7-412b-908b-de7c6126ee48\">Approuv\u00e9 :<\/h2>\n\n\n\n<ul class=\"wp-block-list\">\n<li>Les avis, d\u00e9cisions et le relev\u00e9 de conclusions de la s\u00e9ance pl\u00e9ni\u00e8re du 10 d\u00e9cembre 2024;<\/li>\n\n\n\n<li>Les avis et propositions du Bureau du 17 d\u00e9cembre 2024.<\/li>\n<\/ul>\n\n\n\n<h2 class=\"wp-block-heading\">Pris les d\u00e9cisions et donn\u00e9 les avis suivants :<\/h2>\n\n\n\n<p><\/p>\n\n\n\n<p><strong>\u00c9cole CY TECH de CY Cergy Paris Universit\u00e9 (CY Tech)<\/strong><\/p>\n\n\n\n<p><a href=\"https:\/\/www.cti-commission.fr\/wp-content\/uploads\/2025\/04\/cytech_cergy_avis_202501VF.pdf\">Avis n\u00b02025\/01<\/a><\/p>\n\n\n\n<p><a href=\"https:\/\/www.cti-commission.fr\/wp-content\/uploads\/2025\/04\/cytech_cergy_rmad_202501.pdf\">Rapport de mission d&#8217;audit<\/a><\/p>\n\n\n\n<p><\/p>\n\n\n\n<p><strong>Ecole polytechnique universitaire de l&#8217;universit\u00e9 Paris-Saclay (EPU Paris-Saclay)<\/strong><\/p>\n\n\n\n<p><a href=\"https:\/\/www.cti-commission.fr\/wp-content\/uploads\/2025\/04\/epu_parissaclay_versailles_avis_202501vf.pdf\">Avis n\u00b02025\/01<\/a><\/p>\n\n\n\n<p><a href=\"https:\/\/www.cti-commission.fr\/wp-content\/uploads\/2025\/04\/epusaclay_versailles_rmad_202501.pdf\">Rapport de mission d&#8217;audit<\/a><\/p>\n\n\n\n<p><\/p>\n\n\n\n<p><strong> Ecole <\/strong>d<strong>e biologie industrielle (EBI)<\/strong><\/p>\n\n\n\n<p><a href=\"https:\/\/www.cti-commission.fr\/wp-content\/uploads\/2025\/04\/ebi_versailles_decision_202501.pdf\">D\u00e9cision n\u00b02025\/01<\/a><\/p>\n\n\n\n<p><a href=\"https:\/\/www.cti-commission.fr\/wp-content\/uploads\/2025\/04\/ebi_versailles_rmad_202501.pdf\">Rapport de mission d&#8217;audit <\/a><\/p>\n\n\n\n<p><strong>Institut d&#8217;optique th\u00e9orique et appliqu\u00e9e (IOTA)<\/strong><\/p>\n\n\n\n<p><a href=\"https:\/\/www.cti-commission.fr\/wp-content\/uploads\/2025\/04\/iota_versailles_decision_202501.pdf\">D\u00e9cision n\u00b02025\/01<\/a><\/p>\n\n\n\n<p><a href=\"https:\/\/www.cti-commission.fr\/wp-content\/uploads\/2025\/04\/iota_versailles_rmad_202501.pdf\">Rapport de mission d&#8217;audit<\/a><\/p>\n\n\n\n<p><\/p>\n\n\n\n<p><strong>EPF (EPF)<\/strong><\/p>\n\n\n\n<p><a href=\"https:\/\/www.cti-commission.fr\/wp-content\/uploads\/2025\/05\/Epf_creteil_proposition_Decision_202501_Signe.pdf\">D\u00e9cision n\u00b02025\/01<\/a><\/p>\n\n\n\n<p><a href=\"https:\/\/www.cti-commission.fr\/wp-content\/uploads\/2025\/05\/EPF_Creteil_rapportFusionne_202501.pdf\">Rapport de mission d&#8217;audit<\/a><\/p>\n\n\n\n<p><strong>Ecole sup\u00e9rieure des techniques a\u00e9ronautiques et de construction automobile (ESTACA)<\/strong><\/p>\n\n\n\n<p><a href=\"https:\/\/www.cti-commission.fr\/wp-content\/uploads\/2025\/04\/estaca_versailles_decision_202501.pdf\">D\u00e9cision n\u00b02025\/01<\/a><\/p>\n\n\n\n<p><a href=\"https:\/\/www.cti-commission.fr\/wp-content\/uploads\/2025\/04\/estaca_versailles_rmad_202501.pdf\">Rapport de mission d&#8217;audit <\/a><\/p>\n\n\n\n<p><strong>Ecole sup\u00e9rieure de fonderie et de forge (ESFF)<\/strong><\/p>\n\n\n\n<p><a href=\"https:\/\/www.cti-commission.fr\/wp-content\/uploads\/2025\/04\/ESFF_Versailles_Decision_202501_Signe.pdf\">D\u00e9cision n\u00b02025\/01<\/a><\/p>\n\n\n\n<p><a href=\"https:\/\/www.cti-commission.fr\/wp-content\/uploads\/2025\/04\/ESFF_Versailles_rmad_202501_VD.pdf\">Rapport de mission d&#8217;audit <\/a><\/p>\n\n\n\n<p>J<strong>unia (Junia)<\/strong><\/p>\n\n\n\n<p><a href=\"https:\/\/www.cti-commission.fr\/wp-content\/uploads\/2025\/04\/Junia_Lille_Decision_202501_Signe.pdf\">D\u00e9cision n\u00b02025\/01<\/a><\/p>\n\n\n\n<p><a href=\"https:\/\/www.cti-commission.fr\/wp-content\/uploads\/2025\/04\/rmad-audit-junia_2024_version-finale.pdf\">Rapport de mission d&#8217;audit<\/a><\/p>\n\n\n\n<p><strong>Institut national des sciences appliqu\u00e9es Hauts-de-France (INSA Hauts-de-France)<\/strong><\/p>\n\n\n\n<p><a href=\"https:\/\/www.cti-commission.fr\/wp-content\/uploads\/2025\/06\/insa_hauts-de-france_lille_complavis_202410.pdf\">Compl\u00e9ment d&#8217;avis n\u00b02024\/10<\/a><\/p>\n\n\n\n<p><strong>\u00c9cole nationale d&#8217;ing\u00e9nieurs de Saint-Etienne de l&#8217;\u00e9cole centrale de Lyon (ENISE)<\/strong><\/p>\n\n\n\n<p><a href=\"https:\/\/www.cti-commission.fr\/wp-content\/uploads\/2025\/06\/CentraleLyonENISE_Lyon_CplmtAvis_202501_Signe.pdf\">Compl\u00e9ment d\u2019avis n\u00b0 2020\/03-07<\/a><\/p>\n","protected":false},"excerpt":{"rendered":"<p>Durant la s\u00e9ance pl\u00e9ni\u00e8re des mardi 14 et mercredi 15 janvier 2025, pr\u00e9sid\u00e9e par Claire Peyratout, Jean-Louis Allard et Fabrice Losson, la Commission des Titres d&#8217;ing\u00e9nieur a : Approuv\u00e9 : &hellip; <a href=\"https:\/\/www.cti-commission.fr\/en\/seance-pleniere-des-mardi-14-et-mercredi-15-janvier-2025\" class=\"more-link\">Continue reading<span class=\"screen-reader-text\"> &#8220;SEANCE PLENIERE DES MARDI 14 ET MERCREDI 15 JANVIER 2025&#8221;<\/span><\/a><\/p>\n","protected":false},"author":1,"featured_media":16069,"comment_status":"closed","ping_status":"open","sticky":true,"template":"","format":"standard","meta":{"_price":"","_stock":"","_tribe_ticket_header":"","_tribe_default_ticket_provider":"","_tribe_ticket_capacity":"0","_ticket_start_date":"","_ticket_end_date":"","_tribe_ticket_show_description":"","_tribe_ticket_show_not_going":false,"_tribe_ticket_use_global_stock":"","_tribe_ticket_global_stock_level":"","_global_stock_mode":"","_global_stock_cap":"","_tribe_rsvp_for_event":"","_tribe_ticket_going_count":"","_tribe_ticket_not_going_count":"","_tribe_tickets_list":"[]","_tribe_ticket_has_attendee_info_fields":false,"footnotes":""},"categories":[428,19],"tags":[],"class_list":["post-16814","post","type-post","status-publish","format-standard","has-post-thumbnail","hentry","category-actualites-accueil","category-assemblees-plenieres-releves-de-conclusions-avis-et-decisions-concernant-les-formations"],"translation":{"provider":"WPGlobus","version":"3.0.2","language":"en","enabled_languages":["fr","en"],"languages":{"fr":{"title":true,"content":true,"excerpt":false},"en":{"title":false,"content":false,"excerpt":false}}},"_links":{"self":[{"href":"https:\/\/www.cti-commission.fr\/en\/wp-json\/wp\/v2\/posts\/16814","targetHints":{"allow":["GET"]}}],"collection":[{"href":"https:\/\/www.cti-commission.fr\/en\/wp-json\/wp\/v2\/posts"}],"about":[{"href":"https:\/\/www.cti-commission.fr\/en\/wp-json\/wp\/v2\/types\/post"}],"author":[{"embeddable":true,"href":"https:\/\/www.cti-commission.fr\/en\/wp-json\/wp\/v2\/users\/1"}],"replies":[{"embeddable":true,"href":"https:\/\/www.cti-commission.fr\/en\/wp-json\/wp\/v2\/comments?post=16814"}],"version-history":[{"count":13,"href":"https:\/\/www.cti-commission.fr\/en\/wp-json\/wp\/v2\/posts\/16814\/revisions"}],"predecessor-version":[{"id":17006,"href":"https:\/\/www.cti-commission.fr\/en\/wp-json\/wp\/v2\/posts\/16814\/revisions\/17006"}],"wp:featuredmedia":[{"embeddable":true,"href":"https:\/\/www.cti-commission.fr\/en\/wp-json\/wp\/v2\/media\/16069"}],"wp:attachment":[{"href":"https:\/\/www.cti-commission.fr\/en\/wp-json\/wp\/v2\/media?parent=16814"}],"wp:term":[{"taxonomy":"category","embeddable":true,"href":"https:\/\/www.cti-commission.fr\/en\/wp-json\/wp\/v2\/categories?post=16814"},{"taxonomy":"post_tag","embeddable":true,"href":"https:\/\/www.cti-commission.fr\/en\/wp-json\/wp\/v2\/tags?post=16814"}],"curies":[{"name":"wp","href":"https:\/\/api.w.org\/{rel}","templated":true}]}}