{"id":16595,"date":"2025-02-03T16:25:33","date_gmt":"2025-02-03T15:25:33","guid":{"rendered":"https:\/\/www.cti-commission.fr\/?p=16595"},"modified":"2025-04-17T09:44:48","modified_gmt":"2025-04-17T07:44:48","slug":"seance-pleniere-du-mardi-10-decembre-2024","status":"publish","type":"post","link":"https:\/\/www.cti-commission.fr\/en\/seance-pleniere-du-mardi-10-decembre-2024","title":{"rendered":"SEANCE PLENIERE DU MARDI 10 DECEMBRE 2024"},"content":{"rendered":"\n<p>Durant la s\u00e9ance pl\u00e9ni\u00e8re du mardi 10 d\u00e9cembre, pr\u00e9sid\u00e9e par Claire Peyratout, Jean-Louis Allard et Fabrice Losson, la Commission des Titres d&#8217;ing\u00e9nieur a :<\/p>\n\n\n\n<h2 class=\"wp-block-heading\" id=\"block-298e11c9-0fd7-412b-908b-de7c6126ee48\">Approuv\u00e9 :<\/h2>\n\n\n\n<ul class=\"wp-block-list\">\n<li>Les avis, d\u00e9cisions et le relev\u00e9 de conclusions de la s\u00e9ance pl\u00e9ni\u00e8re du 26 novembre 2024;<\/li>\n\n\n\n<li>Les avis et propositions du Bureau du 5 novembre 2024.<\/li>\n<\/ul>\n\n\n\n<h2 class=\"wp-block-heading\">Pris les d\u00e9cisions et donn\u00e9 les avis suivants :<\/h2>\n\n\n\n<p><\/p>\n\n\n\n<p><strong>\u00c9cole polytechnique d&#8217;Abomey-Calavi (EPAC)<\/strong><\/p>\n\n\n\n<p><a href=\"https:\/\/www.cti-commission.fr\/wp-content\/uploads\/2025\/01\/epac_benin_decision_202412.pdf\">D\u00e9cision n\u00b02024\/12<\/a><\/p>\n\n\n\n<p><a href=\"https:\/\/www.cti-commission.fr\/wp-content\/uploads\/2025\/04\/epac-benin-rmad-202412.pdf\">Rapport de mission d&#8217;audit <\/a><\/p>\n\n\n\n<p><\/p>\n\n\n\n<p><strong>Ecole nationale sup\u00e9rieure Mines-T\u00e9l\u00e9com Lille Douai (IMT Nord Europe)<\/strong><\/p>\n\n\n\n<p><a href=\"https:\/\/www.cti-commission.fr\/wp-content\/uploads\/2025\/01\/imtnordeurope_lille_avis_202412.pdf\">Avis n\u00b02024\/12<\/a><\/p>\n\n\n\n<p><a href=\"https:\/\/www.cti-commission.fr\/wp-content\/uploads\/2025\/01\/imtnordeurope_lille_rmad_202412.pdf\">Rapport de mission d&#8217;audit<\/a><\/p>\n\n\n\n<p><\/p>\n\n\n\n<p><strong> Ecole nationale sup\u00e9rieure des arts et industries textiles (ENSAIT)<\/strong><\/p>\n\n\n\n<p><a href=\"https:\/\/www.cti-commission.fr\/wp-content\/uploads\/2025\/01\/decision-audit-ensait.pdf\">Avis n\u00b02024\/12<\/a><\/p>\n\n\n\n<p><a href=\"https:\/\/www.cti-commission.fr\/wp-content\/uploads\/2025\/01\/rmad-audit-ensait.pdf\">Rapport de mission d&#8217;audit <\/a><\/p>\n\n\n\n<p><strong>Ecole d&#8217;ing\u00e9nieurs Artois de l&#8217;universit\u00e9 d&#8217;Artois (EIA)<\/strong><\/p>\n\n\n\n<p><a href=\"https:\/\/www.cti-commission.fr\/wp-content\/uploads\/2025\/02\/eia_artois_amiens_avis_202412-signe.pdf\">Avis n\u00b02024\/12<\/a><\/p>\n\n\n\n<p><a href=\"https:\/\/www.cti-commission.fr\/wp-content\/uploads\/2025\/01\/rmad-audit-eia.pdf\">Rapport de mission d&#8217;audit<\/a><\/p>\n\n\n\n<p><\/p>\n\n\n\n<p><strong>Ecole d&#8217;ing\u00e9nieurs Jules Verne de l&#8217;universit\u00e9 d&#8217;Amiens (EIJV)<\/strong><\/p>\n\n\n\n<p><a href=\"https:\/\/www.cti-commission.fr\/wp-content\/uploads\/2025\/02\/eijv_amiens_avis_202412-signe.pdf\">Avis n\u00b02024\/12<\/a><\/p>\n\n\n\n<p><a href=\"https:\/\/www.cti-commission.fr\/wp-content\/uploads\/2025\/01\/rmad-audit-eijv.pdf\">Rapport de mission d&#8217;audit<\/a><\/p>\n\n\n\n<p><strong>Institut national sup\u00e9rieure des sciences appliqu\u00e9es de Rouen (INSA Rouen)<\/strong><\/p>\n\n\n\n<p><a href=\"https:\/\/www.cti-commission.fr\/wp-content\/uploads\/2025\/01\/INSA_Rouen_Normandie_Projet_avis_202412_PrApprobation.pdf\">Avis n\u00b02024\/12<\/a><\/p>\n\n\n\n<p>Le rapport de mission d&#8217;audit sera publi\u00e9 ult\u00e9rieurement<\/p>\n\n\n\n<p><strong>Institut sup\u00e9rieur du b\u00e2timent et des travaux publics (ISBA TP)<\/strong><\/p>\n\n\n\n<p><a href=\"https:\/\/www.cti-commission.fr\/wp-content\/uploads\/2025\/01\/ISBATP_AIxMarseille_decision_202412_PrApprobation.pdf\">D\u00e9cision n\u00b02024\/12<\/a><\/p>\n\n\n\n<p><a href=\"https:\/\/www.cti-commission.fr\/wp-content\/uploads\/2025\/01\/ISBATP_AIxMarseille_rmad_202412.pdf\">Rapport de mission d&#8217;audit <\/a><\/p>\n\n\n\n<p><\/p>\n\n\n\n<p><strong>Ecole nationale d&#8217;ing\u00e9nieurs de Brest (ENIB)<\/strong><\/p>\n\n\n\n<p><a href=\"https:\/\/www.cti-commission.fr\/wp-content\/uploads\/2025\/01\/enib_rennes_complavis_levee_reserve_202409.pdf\">Compl\u00e9ment d&#8217;avis n\u00b02024\/09<\/a><\/p>\n","protected":false},"excerpt":{"rendered":"<p>Durant la s\u00e9ance pl\u00e9ni\u00e8re du mardi 10 d\u00e9cembre, pr\u00e9sid\u00e9e par Claire Peyratout, Jean-Louis Allard et Fabrice Losson, la Commission des Titres d&#8217;ing\u00e9nieur a : Approuv\u00e9 : Pris les d\u00e9cisions et &hellip; <a href=\"https:\/\/www.cti-commission.fr\/en\/seance-pleniere-du-mardi-10-decembre-2024\" class=\"more-link\">Continue reading<span class=\"screen-reader-text\"> &#8220;SEANCE PLENIERE DU MARDI 10 DECEMBRE 2024&#8221;<\/span><\/a><\/p>\n","protected":false},"author":1,"featured_media":16007,"comment_status":"closed","ping_status":"open","sticky":true,"template":"","format":"standard","meta":{"_price":"","_stock":"","_tribe_ticket_header":"","_tribe_default_ticket_provider":"","_tribe_ticket_capacity":"0","_ticket_start_date":"","_ticket_end_date":"","_tribe_ticket_show_description":"","_tribe_ticket_show_not_going":false,"_tribe_ticket_use_global_stock":"","_tribe_ticket_global_stock_level":"","_global_stock_mode":"","_global_stock_cap":"","_tribe_rsvp_for_event":"","_tribe_ticket_going_count":"","_tribe_ticket_not_going_count":"","_tribe_tickets_list":"[]","_tribe_ticket_has_attendee_info_fields":false,"footnotes":""},"categories":[428,19],"tags":[],"class_list":["post-16595","post","type-post","status-publish","format-standard","has-post-thumbnail","hentry","category-actualites-accueil","category-assemblees-plenieres-releves-de-conclusions-avis-et-decisions-concernant-les-formations"],"translation":{"provider":"WPGlobus","version":"3.0.2","language":"en","enabled_languages":["fr","en"],"languages":{"fr":{"title":true,"content":true,"excerpt":false},"en":{"title":false,"content":false,"excerpt":false}}},"_links":{"self":[{"href":"https:\/\/www.cti-commission.fr\/en\/wp-json\/wp\/v2\/posts\/16595","targetHints":{"allow":["GET"]}}],"collection":[{"href":"https:\/\/www.cti-commission.fr\/en\/wp-json\/wp\/v2\/posts"}],"about":[{"href":"https:\/\/www.cti-commission.fr\/en\/wp-json\/wp\/v2\/types\/post"}],"author":[{"embeddable":true,"href":"https:\/\/www.cti-commission.fr\/en\/wp-json\/wp\/v2\/users\/1"}],"replies":[{"embeddable":true,"href":"https:\/\/www.cti-commission.fr\/en\/wp-json\/wp\/v2\/comments?post=16595"}],"version-history":[{"count":6,"href":"https:\/\/www.cti-commission.fr\/en\/wp-json\/wp\/v2\/posts\/16595\/revisions"}],"predecessor-version":[{"id":16879,"href":"https:\/\/www.cti-commission.fr\/en\/wp-json\/wp\/v2\/posts\/16595\/revisions\/16879"}],"wp:featuredmedia":[{"embeddable":true,"href":"https:\/\/www.cti-commission.fr\/en\/wp-json\/wp\/v2\/media\/16007"}],"wp:attachment":[{"href":"https:\/\/www.cti-commission.fr\/en\/wp-json\/wp\/v2\/media?parent=16595"}],"wp:term":[{"taxonomy":"category","embeddable":true,"href":"https:\/\/www.cti-commission.fr\/en\/wp-json\/wp\/v2\/categories?post=16595"},{"taxonomy":"post_tag","embeddable":true,"href":"https:\/\/www.cti-commission.fr\/en\/wp-json\/wp\/v2\/tags?post=16595"}],"curies":[{"name":"wp","href":"https:\/\/api.w.org\/{rel}","templated":true}]}}