{"id":16542,"date":"2024-12-27T14:48:10","date_gmt":"2024-12-27T13:48:10","guid":{"rendered":"https:\/\/www.cti-commission.fr\/?p=16542"},"modified":"2025-03-13T14:24:33","modified_gmt":"2025-03-13T13:24:33","slug":"seance-pleniere-des-12-et-13-novembre-2024","status":"publish","type":"post","link":"https:\/\/www.cti-commission.fr\/en\/seance-pleniere-des-12-et-13-novembre-2024","title":{"rendered":"SEANCE PLENIERE DES 12 ET 13 NOVEMBRE 2024"},"content":{"rendered":"\n<p>Durant la s\u00e9ance pl\u00e9ni\u00e8re des mardi 12 et mercredi 13 novembre, pr\u00e9sid\u00e9e par Claire Peyratout, Jean-Louis Allard et Fabrice Losson, la Commission des Titres d&#8217;ing\u00e9nieur a :<\/p>\n\n\n\n<h2 class=\"wp-block-heading\" id=\"block-298e11c9-0fd7-412b-908b-de7c6126ee48\">Approuv\u00e9 :<\/h2>\n\n\n\n<ul class=\"wp-block-list\">\n<li>Les avis, d\u00e9cisions et le relev\u00e9 de conclusions de la s\u00e9ance pl\u00e9ni\u00e8re des 15 et 16 octobre  2024;<\/li>\n\n\n\n<li>Les avis et propositions du Bureau du 5 novembre 2024.<\/li>\n<\/ul>\n\n\n\n<h2 class=\"wp-block-heading\">Pris les d\u00e9cisions et donn\u00e9 les avis suivants :<\/h2>\n\n\n\n<p><\/p>\n\n\n\n<p><strong>CESI (CESI)<\/strong><\/p>\n\n\n\n<p><a href=\"https:\/\/www.cti-commission.fr\/wp-content\/uploads\/2025\/03\/cesi_cesi_nanterre_decision_202411.pdf\">D\u00e9cision n\u00b02024\/11<\/a><\/p>\n\n\n\n<p><a href=\"https:\/\/www.cti-commission.fr\/wp-content\/uploads\/2024\/12\/cesi_nanterre_rmad_202411_vf.pdf\">Rapport de mission d&#8217;audit<\/a><\/p>\n\n\n\n<p><\/p>\n\n\n\n<p><strong>\u00c9cole<\/strong> <strong>sup\u00e9rieure d&#8217;ing\u00e9nieurs L\u00e9onard de Vinci (ESILV)<\/strong><\/p>\n\n\n\n<p><a href=\"https:\/\/www.cti-commission.fr\/wp-content\/uploads\/2024\/12\/ESILV_Versailles_Decision_20241113_Signe.pdf\">D\u00e9cision n\u00b02024\/11<\/a><\/p>\n\n\n\n<p><a href=\"https:\/\/www.cti-commission.fr\/wp-content\/uploads\/2024\/12\/ESILV_Versailles_rmad_20241113.pdf\">Rapport de mission d&#8217;audit<\/a><\/p>\n\n\n\n<p><\/p>\n\n\n\n<p><strong> ESTP &#8211; Grande \u00e9cole de la construction (ESTP)<\/strong><br><a href=\"https:\/\/www.cti-commission.fr\/wp-content\/uploads\/2024\/12\/estp_creteil_decision_202411.pdf\">D\u00e9cision n\u00b02024\/11<\/a><\/p>\n\n\n\n<p><a href=\"https:\/\/www.cti-commission.fr\/wp-content\/uploads\/2024\/12\/estp_creteil_rmad_202411.pdf\">Rapport de mission d&#8217;audit <\/a><\/p>\n\n\n\n<p><strong>Institut en innovation logistique (I2L)<\/strong><\/p>\n\n\n\n<p><a href=\"https:\/\/www.cti-commission.fr\/wp-content\/uploads\/2024\/12\/i2l_nancymetz_decision_202411.pdf\">D\u00e9cision n\u00b02024\/11<\/a><\/p>\n\n\n\n<p><a href=\"https:\/\/www.cti-commission.fr\/wp-content\/uploads\/2024\/12\/i2l_nancymetz_rmad_202411.pdf\">Rapport de mission d&#8217;audit<\/a><\/p>\n\n\n\n<p><\/p>\n\n\n\n<p><strong>Conservatoire nationale des arts et m\u00e9tiers (CNAM)<\/strong><\/p>\n\n\n\n<p><a href=\"https:\/\/www.cti-commission.fr\/wp-content\/uploads\/2024\/12\/cnam_paris_complavis_levee_reserve_202403.pdf\">Compl\u00e9ment d&#8217;avis n\u00b02024\/03<\/a><\/p>\n\n\n\n<p><strong>Ecole polytechnique de Thi\u00e8s S\u00e9n\u00e9gal (EPT)<\/strong><\/p>\n\n\n\n<p><a href=\"https:\/\/www.cti-commission.fr\/wp-content\/uploads\/2024\/12\/ept_senegal_complavis_levee_reserve_202407.pdf\">Compl\u00e9ment d&#8217;avis n\u00b02024\/07<\/a><\/p>\n\n\n\n<p><\/p>\n\n\n\n<p><\/p>\n\n\n\n<p><\/p>\n","protected":false},"excerpt":{"rendered":"<p>Durant la s\u00e9ance pl\u00e9ni\u00e8re des mardi 12 et mercredi 13 novembre, pr\u00e9sid\u00e9e par Claire Peyratout, Jean-Louis Allard et Fabrice Losson, la Commission des Titres d&#8217;ing\u00e9nieur a : Approuv\u00e9 : Pris &hellip; <a href=\"https:\/\/www.cti-commission.fr\/en\/seance-pleniere-des-12-et-13-novembre-2024\" class=\"more-link\">Continue reading<span class=\"screen-reader-text\"> &#8220;SEANCE PLENIERE DES 12 ET 13 NOVEMBRE 2024&#8221;<\/span><\/a><\/p>\n","protected":false},"author":1,"featured_media":16069,"comment_status":"closed","ping_status":"open","sticky":false,"template":"","format":"standard","meta":{"_price":"","_stock":"","_tribe_ticket_header":"","_tribe_default_ticket_provider":"","_tribe_ticket_capacity":"0","_ticket_start_date":"","_ticket_end_date":"","_tribe_ticket_show_description":"","_tribe_ticket_show_not_going":false,"_tribe_ticket_use_global_stock":"","_tribe_ticket_global_stock_level":"","_global_stock_mode":"","_global_stock_cap":"","_tribe_rsvp_for_event":"","_tribe_ticket_going_count":"","_tribe_ticket_not_going_count":"","_tribe_tickets_list":"[]","_tribe_ticket_has_attendee_info_fields":false,"footnotes":""},"categories":[428,19],"tags":[],"class_list":["post-16542","post","type-post","status-publish","format-standard","has-post-thumbnail","hentry","category-actualites-accueil","category-assemblees-plenieres-releves-de-conclusions-avis-et-decisions-concernant-les-formations"],"translation":{"provider":"WPGlobus","version":"3.0.2","language":"en","enabled_languages":["fr","en"],"languages":{"fr":{"title":true,"content":true,"excerpt":false},"en":{"title":false,"content":false,"excerpt":false}}},"_links":{"self":[{"href":"https:\/\/www.cti-commission.fr\/en\/wp-json\/wp\/v2\/posts\/16542","targetHints":{"allow":["GET"]}}],"collection":[{"href":"https:\/\/www.cti-commission.fr\/en\/wp-json\/wp\/v2\/posts"}],"about":[{"href":"https:\/\/www.cti-commission.fr\/en\/wp-json\/wp\/v2\/types\/post"}],"author":[{"embeddable":true,"href":"https:\/\/www.cti-commission.fr\/en\/wp-json\/wp\/v2\/users\/1"}],"replies":[{"embeddable":true,"href":"https:\/\/www.cti-commission.fr\/en\/wp-json\/wp\/v2\/comments?post=16542"}],"version-history":[{"count":5,"href":"https:\/\/www.cti-commission.fr\/en\/wp-json\/wp\/v2\/posts\/16542\/revisions"}],"predecessor-version":[{"id":16672,"href":"https:\/\/www.cti-commission.fr\/en\/wp-json\/wp\/v2\/posts\/16542\/revisions\/16672"}],"wp:featuredmedia":[{"embeddable":true,"href":"https:\/\/www.cti-commission.fr\/en\/wp-json\/wp\/v2\/media\/16069"}],"wp:attachment":[{"href":"https:\/\/www.cti-commission.fr\/en\/wp-json\/wp\/v2\/media?parent=16542"}],"wp:term":[{"taxonomy":"category","embeddable":true,"href":"https:\/\/www.cti-commission.fr\/en\/wp-json\/wp\/v2\/categories?post=16542"},{"taxonomy":"post_tag","embeddable":true,"href":"https:\/\/www.cti-commission.fr\/en\/wp-json\/wp\/v2\/tags?post=16542"}],"curies":[{"name":"wp","href":"https:\/\/api.w.org\/{rel}","templated":true}]}}