{"id":1337,"date":"2009-01-25T12:23:00","date_gmt":"2009-01-25T11:23:00","guid":{"rendered":"https:\/\/www.cti-commission.fr\/2009\/01\/25\/cti-infos-no3"},"modified":"2017-10-25T15:21:55","modified_gmt":"2017-10-25T13:21:55","slug":"cti-infos-no3","status":"publish","type":"post","link":"https:\/\/www.cti-commission.fr\/en\/cti-infos-no3","title":{"rendered":"CTI Infos N\u00b03"},"content":{"rendered":"<p>Cette enqu\u00eate r\u00e9alis\u00e9e aupr\u00e8s de 50 000 ing\u00e9nieurs, a \u00e9t\u00e9 pilot\u00e9e par Pierre Fleischmann et Jacques B\u00e9ranger de la CTI.<br \/>\n<br \/>Elle a \u00e9t\u00e9 lanc\u00e9e en partenariat avec le le Conseil National des Ing\u00e9nieurs et Scientifiques de France (CNISF) et le Comit\u00e9 d&#8217;\u00c9tudes sur les Formations d&#8217;ing\u00e9nieurs (CEFI).<\/p>\n<p>Bernard Remaud, pr\u00e9sident de la CTI, souligne le caract\u00e8re assez exceptionnel d&#8217;une telle \u00e9tude qui fait pour la premi\u00e8re fois un lien entre les comp\u00e9tences professionnelles n\u00e9cessaires aux dipl\u00f4m\u00e9s et leur jugement sur la fa\u00e7on dont leur formation les y a pr\u00e9par\u00e9s.<\/p>\n","protected":false},"excerpt":{"rendered":"<p>Ce 3\u00e8me num\u00e9ro est un num\u00e9ro sp\u00e9cial enti\u00e8rement consacr\u00e9 \u00e0 la pr\u00e9sentation des r\u00e9sultats d&#8217;une enqu\u00eate de la CTI r\u00e9alis\u00e9e en 2008 en partenariat avec le CNISF et le CEFI.<\/p>\n","protected":false},"author":8,"featured_media":0,"comment_status":"closed","ping_status":"open","sticky":false,"template":"","format":"standard","meta":{"_price":"","_stock":"","_tribe_ticket_header":"","_tribe_default_ticket_provider":"","_tribe_ticket_capacity":"0","_ticket_start_date":"","_ticket_end_date":"","_tribe_ticket_show_description":"","_tribe_ticket_show_not_going":false,"_tribe_ticket_use_global_stock":"","_tribe_ticket_global_stock_level":"","_global_stock_mode":"","_global_stock_cap":"","_tribe_rsvp_for_event":"","_tribe_ticket_going_count":"","_tribe_ticket_not_going_count":"","_tribe_tickets_list":"[]","_tribe_ticket_has_attendee_info_fields":false,"footnotes":""},"categories":[14,12,80],"tags":[],"class_list":["post-1337","post","type-post","status-publish","format-standard","hentry","category-communications-evenements","category-actualites","category-notes-dinformation-communiques-rapports-dactivite-et-dautres-documents"],"translation":{"provider":"WPGlobus","version":"3.0.2","language":"en","enabled_languages":["fr","en"],"languages":{"fr":{"title":true,"content":true,"excerpt":true},"en":{"title":false,"content":false,"excerpt":false}}},"_links":{"self":[{"href":"https:\/\/www.cti-commission.fr\/en\/wp-json\/wp\/v2\/posts\/1337","targetHints":{"allow":["GET"]}}],"collection":[{"href":"https:\/\/www.cti-commission.fr\/en\/wp-json\/wp\/v2\/posts"}],"about":[{"href":"https:\/\/www.cti-commission.fr\/en\/wp-json\/wp\/v2\/types\/post"}],"author":[{"embeddable":true,"href":"https:\/\/www.cti-commission.fr\/en\/wp-json\/wp\/v2\/users\/8"}],"replies":[{"embeddable":true,"href":"https:\/\/www.cti-commission.fr\/en\/wp-json\/wp\/v2\/comments?post=1337"}],"version-history":[{"count":1,"href":"https:\/\/www.cti-commission.fr\/en\/wp-json\/wp\/v2\/posts\/1337\/revisions"}],"predecessor-version":[{"id":5446,"href":"https:\/\/www.cti-commission.fr\/en\/wp-json\/wp\/v2\/posts\/1337\/revisions\/5446"}],"wp:attachment":[{"href":"https:\/\/www.cti-commission.fr\/en\/wp-json\/wp\/v2\/media?parent=1337"}],"wp:term":[{"taxonomy":"category","embeddable":true,"href":"https:\/\/www.cti-commission.fr\/en\/wp-json\/wp\/v2\/categories?post=1337"},{"taxonomy":"post_tag","embeddable":true,"href":"https:\/\/www.cti-commission.fr\/en\/wp-json\/wp\/v2\/tags?post=1337"}],"curies":[{"name":"wp","href":"https:\/\/api.w.org\/{rel}","templated":true}]}}