{"id":13362,"date":"2023-03-30T12:12:24","date_gmt":"2023-03-30T10:12:24","guid":{"rendered":"https:\/\/www.cti-commission.fr\/?p=13362"},"modified":"2023-03-30T12:24:21","modified_gmt":"2023-03-30T10:24:21","slug":"seance-pleniere-du-17-janvier-2023","status":"publish","type":"post","link":"https:\/\/www.cti-commission.fr\/en\/seance-pleniere-du-17-janvier-2023","title":{"rendered":"S\u00c9ANCE PL\u00c9NI\u00c8RE DU 17 janvier 2023"},"content":{"rendered":"\n<p> Au cours de la s\u00e9ance pl\u00e9ni\u00e8re qui s\u2019est tenue le 17 janvier 2023, pr\u00e9sid\u00e9e par Jean-Louis Allard et Fabrice Losson, la Commission des titres d\u2019ing\u00e9nieur a : <\/p>\n\n\n\n<h2 class=\"wp-block-heading\"><strong>Approuv\u00e9\u00a0:<\/strong> <\/h2>\n\n\n\n<ul class=\"wp-block-list\"><li>Les avis, d\u00e9cisions et le relev\u00e9 de conclusions de la s\u00e9ance pl\u00e9ni\u00e8re du 13 et 14 d\u00e9cembre 2022\u00a0;<\/li><li> Les avis et propositions du Bureau du du 3 janvier 2023\u00a0;<\/li><li> La liste des nouveaux experts. <\/li><\/ul>\n\n\n\n<h2 class=\"wp-block-heading\"><strong>Pris les d\u00e9cisions et donn\u00e9 les avis suivants :<\/strong><\/h2>\n\n\n\n<p><strong>CY Tech<\/strong><br> <a href=\"https:\/\/www.cti-commission.fr\/wp-content\/uploads\/2023\/03\/cytech_versailles_avis_202301.pdf\">Avis n\u00b0 2023\/01<\/a><br> <a href=\"https:\/\/www.cti-commission.fr\/wp-content\/uploads\/2023\/03\/cytech_versailles_rmad_202301.pdf\">Rapport de mission d\u2019audit<\/a><br><br><strong>\u00c9cole d\u2019ing\u00e9nieurs de l&#8217;Universit\u00e9 de Toulon (EIUT)<\/strong><br> <a href=\"https:\/\/www.cti-commission.fr\/wp-content\/uploads\/2023\/03\/eiut_nice_avis_202301.pdf\">Avis n\u00b0 2023\/01<\/a><br><a href=\"https:\/\/www.cti-commission.fr\/wp-content\/uploads\/2023\/03\/eiut_nice_rmad_202301.pdf\"> Rapport de mission d\u2019audit<\/a><br><br><strong>Ecole nationale sup\u00e9rieure d&#8217;ing\u00e9nieurs de Bretagne-Sud (ENSIBS)<\/strong><br> <a href=\"https:\/\/www.cti-commission.fr\/wp-content\/uploads\/2023\/03\/ensibs_rennes_avis_202301.pdf\">Avis n\u00b0 2023\/01<\/a><br> <a href=\"https:\/\/www.cti-commission.fr\/wp-content\/uploads\/2023\/03\/ensibs_rennes_rmad_202301.pdf\">Rapport de mission d\u2019audit<\/a><br><br><strong>Ecole nationale sup\u00e9rieure des industries chimiques (ENSIC)<br> <\/strong><a href=\"https:\/\/www.cti-commission.fr\/wp-content\/uploads\/2023\/03\/ensic_nancy-metz_avis_202301.pdf\">Avis n\u00b0 2023\/01<\/a><br> <a href=\"https:\/\/www.cti-commission.fr\/wp-content\/uploads\/2023\/03\/ensic_nancy-metz_rmad_202301.pdf\">Rapport de mission d\u2019audit<\/a><br><br><strong>Ecole sup\u00e9rieure d&#8217;ing\u00e9nieurs de recherche en mat\u00e9riaux (ESIREM)<\/strong><br> <a href=\"https:\/\/www.cti-commission.fr\/wp-content\/uploads\/2023\/03\/esirem_dijon_avis_202301.pdf\">Avis n\u00b0 2023\/01<\/a><br> <a href=\"https:\/\/www.cti-commission.fr\/wp-content\/uploads\/2023\/03\/esirem_dijon_rmad_202301.pdf\">Rapport de mission d\u2019audit<\/a><br><br><strong>Universit\u00e9 des Antilles (UA)<br><a href=\"https:\/\/www.cti-commission.fr\/wp-content\/uploads\/2023\/03\/ua_guadeloupe_avis_202301.pdf\"> <\/a><\/strong><a href=\"https:\/\/www.cti-commission.fr\/wp-content\/uploads\/2023\/03\/ua_guadeloupe_avis_202301.pdf\">Avis n\u00b0 2023\/01<\/a><br> <a href=\"https:\/\/www.cti-commission.fr\/wp-content\/uploads\/2023\/03\/ua_guadeloupe_rmad_202301.pdf\">Rapport de mission d\u2019audit <\/a><\/p>\n\n\n\n<h4 class=\"wp-block-heading\"><strong>Pris acte dans le suivi g\u00e9n\u00e9ral des accr\u00e9ditations\u00a0:<\/strong><\/h4>\n\n\n\n<p><strong>\u00c9cole d&#8217;ing\u00e9nieurs Denis-Diderot de l\u2019Universit\u00e9 de Paris \u2013 (EIDD)<br> <\/strong><a href=\"https:\/\/www.cti-commission.fr\/wp-content\/uploads\/2023\/03\/eidd_paris_complavis_202201.pdf\">Compl\u00e9ment d\u2019avis n\u00b02022\/01<\/a><br> <br> <strong>\u00c9cole nationale sup\u00e9rieure de statistique et d\u2019\u00e9conomie appliqu\u00e9e (ENSEA C\u00f4te d\u2019Ivoire)<\/strong><br> C<a href=\"https:\/\/www.cti-commission.fr\/wp-content\/uploads\/2023\/03\/ensea_cote_divoire_compldecision_eurace_20190910.pdf\">ompl\u00e9ment de d\u00e9cision n\u00b0 2019\/09-10<\/a><br> <br> <strong>\u00c9cole nationale sup\u00e9rieure de l\u2019\u00e9lectronique et de ses applications (ENSEA)<\/strong><br> <a href=\"https:\/\/www.cti-commission.fr\/wp-content\/uploads\/2023\/03\/ensea_versailles_complavis_201906.pdf\">Compl\u00e9ment d\u2019avis n\u00b02019\/06-01<\/a><br><br><strong>Haute Ecole Libre Mosane (HELMo), Belgique<\/strong><br><a href=\"https:\/\/www.cti-commission.fr\/wp-content\/uploads\/2023\/03\/helmo_belgique_complavis_201904.pdf\"> Compl\u00e9ment d\u2019avis n\u00b02019\/09-14 <\/a><\/p>\n","protected":false},"excerpt":{"rendered":"<p>Au cours de la s\u00e9ance pl\u00e9ni\u00e8re qui s\u2019est tenue le 17 janvier 2023, pr\u00e9sid\u00e9e par Jean-Louis Allard et Fabrice Losson, la Commission des titres d\u2019ing\u00e9nieur a : Approuv\u00e9\u00a0: Les avis, &hellip; <a href=\"https:\/\/www.cti-commission.fr\/en\/seance-pleniere-du-17-janvier-2023\" class=\"more-link\">Continue reading<span class=\"screen-reader-text\"> &#8220;S\u00c9ANCE PL\u00c9NI\u00c8RE DU 17 janvier 2023&#8221;<\/span><\/a><\/p>\n","protected":false},"author":1,"featured_media":0,"comment_status":"closed","ping_status":"open","sticky":true,"template":"","format":"standard","meta":{"_price":"","_stock":"","_tribe_ticket_header":"","_tribe_default_ticket_provider":"","_tribe_ticket_capacity":"0","_ticket_start_date":"","_ticket_end_date":"","_tribe_ticket_show_description":"","_tribe_ticket_show_not_going":false,"_tribe_ticket_use_global_stock":"","_tribe_ticket_global_stock_level":"","_global_stock_mode":"","_global_stock_cap":"","_tribe_rsvp_for_event":"","_tribe_ticket_going_count":"","_tribe_ticket_not_going_count":"","_tribe_tickets_list":"[]","_tribe_ticket_has_attendee_info_fields":false,"footnotes":""},"categories":[19],"tags":[],"class_list":["post-13362","post","type-post","status-publish","format-standard","hentry","category-assemblees-plenieres-releves-de-conclusions-avis-et-decisions-concernant-les-formations"],"translation":{"provider":"WPGlobus","version":"3.0.2","language":"en","enabled_languages":["fr","en"],"languages":{"fr":{"title":true,"content":true,"excerpt":false},"en":{"title":false,"content":false,"excerpt":false}}},"_links":{"self":[{"href":"https:\/\/www.cti-commission.fr\/en\/wp-json\/wp\/v2\/posts\/13362","targetHints":{"allow":["GET"]}}],"collection":[{"href":"https:\/\/www.cti-commission.fr\/en\/wp-json\/wp\/v2\/posts"}],"about":[{"href":"https:\/\/www.cti-commission.fr\/en\/wp-json\/wp\/v2\/types\/post"}],"author":[{"embeddable":true,"href":"https:\/\/www.cti-commission.fr\/en\/wp-json\/wp\/v2\/users\/1"}],"replies":[{"embeddable":true,"href":"https:\/\/www.cti-commission.fr\/en\/wp-json\/wp\/v2\/comments?post=13362"}],"version-history":[{"count":1,"href":"https:\/\/www.cti-commission.fr\/en\/wp-json\/wp\/v2\/posts\/13362\/revisions"}],"predecessor-version":[{"id":13363,"href":"https:\/\/www.cti-commission.fr\/en\/wp-json\/wp\/v2\/posts\/13362\/revisions\/13363"}],"wp:attachment":[{"href":"https:\/\/www.cti-commission.fr\/en\/wp-json\/wp\/v2\/media?parent=13362"}],"wp:term":[{"taxonomy":"category","embeddable":true,"href":"https:\/\/www.cti-commission.fr\/en\/wp-json\/wp\/v2\/categories?post=13362"},{"taxonomy":"post_tag","embeddable":true,"href":"https:\/\/www.cti-commission.fr\/en\/wp-json\/wp\/v2\/tags?post=13362"}],"curies":[{"name":"wp","href":"https:\/\/api.w.org\/{rel}","templated":true}]}}