{"id":1318,"date":"2008-10-01T10:44:03","date_gmt":"2008-10-01T08:44:03","guid":{"rendered":"https:\/\/www.cti-commission.fr\/2008\/10\/01\/seance-pleniere-du-2-septembre"},"modified":"2008-10-01T10:44:03","modified_gmt":"2008-10-01T08:44:03","slug":"seance-pleniere-du-2-septembre","status":"publish","type":"post","link":"https:\/\/www.cti-commission.fr\/en\/seance-pleniere-du-2-septembre","title":{"rendered":"S\u00e9ance pl\u00e9ni\u00e8re du 2 septembre 2008"},"content":{"rendered":"<p>Au cours de la s\u00e9ance pl\u00e9ni\u00e8re du 2 septembre 2008, la Commission sous la pr\u00e9sidence de son doyen d\u2019\u00e2ge, Jacques BERANGER, elle a proc\u00e9d\u00e9 \u00e0 l\u2019\u00e9lection du pr\u00e9sident et des deux vice-pr\u00e9sidents. Bernard REMAUD a \u00e9t\u00e9 \u00e9lu pr\u00e9sident, Pierre COMPTE et Maurice PINKUS vice-pr\u00e9sidents.<\/p>\n<p>Sous la pr\u00e9sidence de Bernard REMAUD, elle a ensuite<br \/>\n<br \/>&nbsp;entendu un expos\u00e9 du pr\u00e9sident sur le fonctionnement de la commission<br \/>\n<br \/>&nbsp;d\u00e9cid\u00e9 que le prochain colloque, au cours duquel sera lanc\u00e9 le suivi p\u00e9riodique du Nord-Est, aurait lieu le 3 f\u00e9vrier 2009 \u00e0 Lille<br \/>\n<br \/>&nbsp;arr\u00eat\u00e9 le calendrier des r\u00e9unions jusqu\u2019\u00e0 la fin de l\u2019ann\u00e9e 2009<br \/>\n<br \/>&nbsp;approuv\u00e9 le compte rendu de la s\u00e9ance pl\u00e9ni\u00e8re des 3 et 4 juin 2008<br \/>\n<br \/>&nbsp;confirm\u00e9 les avis et la d\u00e9cision pris lors de la s\u00e9ance du 30 juin 2008 et approuv\u00e9 le compte rendu correspondant<br \/>\n<br \/>&nbsp;arr\u00eat\u00e9 la liste des \u00e9coles autoris\u00e9es \u00e0 organiser, \u00e0 partir de la 2\u00e8me session de l\u2019ann\u00e9e 2008, les \u00e9preuves conduisant au titre d\u2019ing\u00e9nieur dipl\u00f4m\u00e9 par l\u2019Etat<br \/>\n<br \/>&nbsp;d\u00e9sign\u00e9 des rapporteurs pour diff\u00e9rentes missions.<\/p>\n<p>Ensuite, la Commission a donn\u00e9 des avis et pris des d\u00e9cisions.<\/p>\n<p>Le compte-rendu complet peut \u00eatre t\u00e9l\u00e9charg\u00e9 ci-contre.<\/p>\n","protected":false},"excerpt":{"rendered":"<p>La commission s&#8217;est r\u00e9unie le 2 septembre 2008<\/p>\n","protected":false},"author":8,"featured_media":0,"comment_status":"closed","ping_status":"open","sticky":false,"template":"","format":"standard","meta":{"_price":"","_stock":"","_tribe_ticket_header":"","_tribe_default_ticket_provider":"","_tribe_ticket_capacity":"0","_ticket_start_date":"","_ticket_end_date":"","_tribe_ticket_show_description":"","_tribe_ticket_show_not_going":false,"_tribe_ticket_use_global_stock":"","_tribe_ticket_global_stock_level":"","_global_stock_mode":"","_global_stock_cap":"","_tribe_rsvp_for_event":"","_tribe_ticket_going_count":"","_tribe_ticket_not_going_count":"","_tribe_tickets_list":"[]","_tribe_ticket_has_attendee_info_fields":false,"footnotes":""},"categories":[19],"tags":[],"class_list":["post-1318","post","type-post","status-publish","format-standard","hentry","category-assemblees-plenieres-releves-de-conclusions-avis-et-decisions-concernant-les-formations"],"translation":{"provider":"WPGlobus","version":"3.0.2","language":"en","enabled_languages":["fr","en"],"languages":{"fr":{"title":true,"content":true,"excerpt":true},"en":{"title":false,"content":false,"excerpt":false}}},"_links":{"self":[{"href":"https:\/\/www.cti-commission.fr\/en\/wp-json\/wp\/v2\/posts\/1318","targetHints":{"allow":["GET"]}}],"collection":[{"href":"https:\/\/www.cti-commission.fr\/en\/wp-json\/wp\/v2\/posts"}],"about":[{"href":"https:\/\/www.cti-commission.fr\/en\/wp-json\/wp\/v2\/types\/post"}],"author":[{"embeddable":true,"href":"https:\/\/www.cti-commission.fr\/en\/wp-json\/wp\/v2\/users\/8"}],"replies":[{"embeddable":true,"href":"https:\/\/www.cti-commission.fr\/en\/wp-json\/wp\/v2\/comments?post=1318"}],"version-history":[{"count":0,"href":"https:\/\/www.cti-commission.fr\/en\/wp-json\/wp\/v2\/posts\/1318\/revisions"}],"wp:attachment":[{"href":"https:\/\/www.cti-commission.fr\/en\/wp-json\/wp\/v2\/media?parent=1318"}],"wp:term":[{"taxonomy":"category","embeddable":true,"href":"https:\/\/www.cti-commission.fr\/en\/wp-json\/wp\/v2\/categories?post=1318"},{"taxonomy":"post_tag","embeddable":true,"href":"https:\/\/www.cti-commission.fr\/en\/wp-json\/wp\/v2\/tags?post=1318"}],"curies":[{"name":"wp","href":"https:\/\/api.w.org\/{rel}","templated":true}]}}