{"id":12968,"date":"2022-12-19T12:54:47","date_gmt":"2022-12-19T11:54:47","guid":{"rendered":"https:\/\/www.cti-commission.fr\/?p=12968"},"modified":"2023-05-09T12:24:06","modified_gmt":"2023-05-09T10:24:06","slug":"seance-pleniere-du-13-septembre-2022","status":"publish","type":"post","link":"https:\/\/www.cti-commission.fr\/en\/seance-pleniere-du-13-septembre-2022","title":{"rendered":"S\u00e9ance pl\u00e9ni\u00e8re du 13 septembre 2022"},"content":{"rendered":"\n<p> Au cours de la s\u00e9ance pl\u00e9ni\u00e8re qui s\u2019est tenue le 13 septembre 2022, pr\u00e9sid\u00e9e par \u00c9lisabeth CR\u00c9PON, la Commission des titres d\u2019ing\u00e9nieur a : <\/p>\n\n\n\n<h2 class=\"wp-block-heading\"><strong>Approuv\u00e9&nbsp;:<\/strong><\/h2>\n\n\n\n<ul class=\"wp-block-list\"><li> Les avis, d\u00e9cisions et relev\u00e9 de conclusions de la s\u00e9ance pl\u00e9ni\u00e8re du 12-13 juillet 2022&nbsp;;<\/li><li> Les avis et propositions du Bureau du 30 ao\u00fbt 2022&nbsp;;<\/li><li> La composition du Bureau de la CTI pour la p\u00e9riode 2022-2024 ;<\/li><li> La liste de nouveaux experts&nbsp;;<\/li><li> La d\u00e9lib\u00e9ration n\u00b0 2022\/09-01 : r\u00e8gle de nommage des fichiers&nbsp;;<\/li><li> La d\u00e9lib\u00e9ration n\u00b0 2022\/09-02 : montants de facturation des audits \u00e0 l&#8217;\u00e9tranger&nbsp;;<\/li><li> La d\u00e9lib\u00e9ration n\u00b0 2022\/09-03 : missions d&#8217;audit avec un nombre \u00e9lev\u00e9 de sp\u00e9cialit\u00e9s\/sites&nbsp;;<\/li><li> La d\u00e9lib\u00e9ration n\u00b0 2022\/09-04 : montants de facturation des audits aux \u00e9coles fran\u00e7aises&nbsp;;<\/li><li> La composition du Comit\u00e9 scientifique du colloque 2023. <\/li><\/ul>\n\n\n\n<h2 class=\"wp-block-heading\"><strong>Pris les d\u00e9cisions et donn\u00e9 les avis suivants :<\/strong><\/h2>\n\n\n\n<p><strong>EFREI Paris<\/strong><br> <a href=\"https:\/\/www.cti-commission.fr\/wp-content\/uploads\/2022\/11\/efrei_creteil_decision_202209.pdf\">D\u00e9cision n\u00b0 2022\/09<\/a> <br>Cycle pr\u00e9paratoire, pas de rapport de mission d\u2019audit<br> <br><strong>Ecole sup\u00e9rieure de biologie-biochimie-biotechnologies (ESTBB)<\/strong><br> <a href=\"https:\/\/www.cti-commission.fr\/wp-content\/uploads\/2022\/12\/estbb_decisioncompl_decision_202203.pdf\">Avis n\u00b0 2022\/03 et son compl\u00e9ment d\u2019avis n\u00b0 2022\/03<\/a><br> Le rapport de mission d\u2019audit sera publi\u00e9 ult\u00e9rieurement<br><br><strong>Haute Ecole Provinciale de Hainaut-Condorcet (HEPHC)<\/strong><br> <a href=\"https:\/\/www.cti-commission.fr\/wp-content\/uploads\/2022\/11\/hephc_belgique_avis_202209.pdf\">Avis n\u00b0 2022\/09<\/a><br> <a href=\"https:\/\/www.cti-commission.fr\/wp-content\/uploads\/2022\/11\/hephc_belgique_rmad_202209.pdf\">Rapport de mission d\u2019audit<\/a><br><\/p>\n\n\n\n<h4 class=\"wp-block-heading\"><strong>Prises d\u2019actes dans le suivi g\u00e9n\u00e9ral des accr\u00e9ditations&nbsp;:<\/strong><\/h4>\n\n\n\n<p><strong>EPF<\/strong><br> <a href=\"https:\/\/www.cti-commission.fr\/wp-content\/uploads\/2022\/11\/epf_versailles_compldecision_20190110.pdf\">Compl\u00e9ment de d\u00e9cision n\u00b02019\/01-10<\/a><br> <br> <strong>\u00c9cole publique d&#8217;ing\u00e9nieurs de la sant\u00e9 et du num\u00e9rique (EPISEN)<\/strong><br> <a href=\"https:\/\/www.cti-commission.fr\/wp-content\/uploads\/2022\/12\/episen_creteil_complavis_20211205.pdf\">Compl\u00e9ment d\u2019avis n\u00b02021\/12-05<\/a><br> <br> <strong>\u00c9cole polytechnique universitaire de l\u2019universit\u00e9 d\u2019Angers (EPU Angers)<\/strong><br> <a href=\"https:\/\/www.cti-commission.fr\/wp-content\/uploads\/2022\/11\/epu_angers_nantes_complavis_20201007.pdf\">Compl\u00e9ment d\u2019avis n\u00b02020\/10-07<\/a><br> <br> <strong>\u00c9cole polytechnique universitaire de l&#8217;Universit\u00e9 Clermont Auvergne (EPU Clermont)<\/strong><br> <a href=\"https:\/\/www.cti-commission.fr\/wp-content\/uploads\/2022\/11\/epuclermont_clermont-ferrand_complavis_202004.pdf\">Compl\u00e9ment d\u2019avis n\u00b0 2020\/04-01<\/a><br> <br> <strong>\u00c9cole sup\u00e9rieure d&#8217;ing\u00e9nieurs des travaux de la construction de Caen (ESITC Caen)<br> <\/strong><a href=\"https:\/\/www.cti-commission.fr\/wp-content\/uploads\/2022\/12\/esitccaen_caen_compldecision_20201201.pdf\">Compl\u00e9ment de d\u00e9cision 2020\/12\/01<\/a><br><br><strong>\u00c9cole d\u2019ing\u00e9nieurs de l\u2019Universit\u00e9 de Caen (ESIX Normandie)<\/strong><br> <a href=\"https:\/\/www.cti-commission.fr\/wp-content\/uploads\/2022\/11\/esixnormandie_caen_complavis_-20210104.pdf\">Compl\u00e9ment d\u2019avis n\u00b0 2021\/01-04<\/a><br> <br> <strong>Institut sup\u00e9rieur de m\u00e9canique de Paris (ISMEP-SUPMECA)<\/strong><br> <a href=\"https:\/\/www.cti-commission.fr\/wp-content\/uploads\/2022\/11\/ismepsupmeca_creteil_complavis_20190610.pdf\">Compl\u00e9ment d\u2019avis n\u00b0 2019\/06-10<\/a><br> <br> <strong>Institut sup\u00e9rieur de m\u00e9canique de Paris (ISMEP-SUPMECA)<br> <\/strong><a href=\"https:\/\/www.cti-commission.fr\/wp-content\/uploads\/2022\/11\/ismepsupmeca_creteil_complavis_20211203.pdf\">Compl\u00e9ment d\u2019avis n\u00b02021\/12-03<\/a><br> <br> <strong>\u00c9cole Polytechnique<\/strong><br> <a href=\"https:\/\/www.cti-commission.fr\/wp-content\/uploads\/2022\/11\/polytechnique_paris_complavis_201904.pdf\">Compl\u00e9ment d\u2019avis n\u00b0 2019\/04-01<\/a><br><br><strong>Institut Polytechnique UniLaSalle<\/strong><br> <a href=\"https:\/\/www.cti-commission.fr\/wp-content\/uploads\/2022\/11\/unilasalle_amiens_compldecision_20190502.pdf\">Compl\u00e9ment de d\u00e9cision n\u00b0 2019\/05-02 <\/a><\/p>\n\n\n\n<p><br><\/p>\n","protected":false},"excerpt":{"rendered":"<p>Au cours de la s\u00e9ance pl\u00e9ni\u00e8re qui s\u2019est tenue le 13 septembre 2022, pr\u00e9sid\u00e9e par \u00c9lisabeth CR\u00c9PON, la Commission des titres d\u2019ing\u00e9nieur a : Approuv\u00e9&nbsp;: Les avis, d\u00e9cisions et relev\u00e9 &hellip; <a href=\"https:\/\/www.cti-commission.fr\/en\/seance-pleniere-du-13-septembre-2022\" class=\"more-link\">Continue reading<span class=\"screen-reader-text\"> &#8220;S\u00e9ance pl\u00e9ni\u00e8re du 13 septembre 2022&#8221;<\/span><\/a><\/p>\n","protected":false},"author":1,"featured_media":0,"comment_status":"closed","ping_status":"open","sticky":false,"template":"","format":"standard","meta":{"_price":"","_stock":"","_tribe_ticket_header":"","_tribe_default_ticket_provider":"","_tribe_ticket_capacity":"0","_ticket_start_date":"","_ticket_end_date":"","_tribe_ticket_show_description":"","_tribe_ticket_show_not_going":false,"_tribe_ticket_use_global_stock":"","_tribe_ticket_global_stock_level":"","_global_stock_mode":"","_global_stock_cap":"","_tribe_rsvp_for_event":"","_tribe_ticket_going_count":"","_tribe_ticket_not_going_count":"","_tribe_tickets_list":"[]","_tribe_ticket_has_attendee_info_fields":false,"footnotes":""},"categories":[19],"tags":[],"class_list":["post-12968","post","type-post","status-publish","format-standard","hentry","category-assemblees-plenieres-releves-de-conclusions-avis-et-decisions-concernant-les-formations"],"translation":{"provider":"WPGlobus","version":"3.0.2","language":"en","enabled_languages":["fr","en"],"languages":{"fr":{"title":true,"content":true,"excerpt":false},"en":{"title":false,"content":false,"excerpt":false}}},"_links":{"self":[{"href":"https:\/\/www.cti-commission.fr\/en\/wp-json\/wp\/v2\/posts\/12968","targetHints":{"allow":["GET"]}}],"collection":[{"href":"https:\/\/www.cti-commission.fr\/en\/wp-json\/wp\/v2\/posts"}],"about":[{"href":"https:\/\/www.cti-commission.fr\/en\/wp-json\/wp\/v2\/types\/post"}],"author":[{"embeddable":true,"href":"https:\/\/www.cti-commission.fr\/en\/wp-json\/wp\/v2\/users\/1"}],"replies":[{"embeddable":true,"href":"https:\/\/www.cti-commission.fr\/en\/wp-json\/wp\/v2\/comments?post=12968"}],"version-history":[{"count":5,"href":"https:\/\/www.cti-commission.fr\/en\/wp-json\/wp\/v2\/posts\/12968\/revisions"}],"predecessor-version":[{"id":13499,"href":"https:\/\/www.cti-commission.fr\/en\/wp-json\/wp\/v2\/posts\/12968\/revisions\/13499"}],"wp:attachment":[{"href":"https:\/\/www.cti-commission.fr\/en\/wp-json\/wp\/v2\/media?parent=12968"}],"wp:term":[{"taxonomy":"category","embeddable":true,"href":"https:\/\/www.cti-commission.fr\/en\/wp-json\/wp\/v2\/categories?post=12968"},{"taxonomy":"post_tag","embeddable":true,"href":"https:\/\/www.cti-commission.fr\/en\/wp-json\/wp\/v2\/tags?post=12968"}],"curies":[{"name":"wp","href":"https:\/\/api.w.org\/{rel}","templated":true}]}}