{"id":12893,"date":"2023-04-28T09:33:48","date_gmt":"2023-04-28T07:33:48","guid":{"rendered":"https:\/\/www.cti-commission.fr\/?p=12893"},"modified":"2024-02-26T19:53:08","modified_gmt":"2024-02-26T18:53:08","slug":"save-the-date-colloque-de-la-cti-31-janvier-2023","status":"publish","type":"post","link":"https:\/\/www.cti-commission.fr\/en\/save-the-date-colloque-de-la-cti-31-janvier-2023","title":{"rendered":"Colloque de la CTI, 30 &#038; 31 janvier 2023"},"content":{"rendered":"\n<p>Le colloque 2023 de la CTI a eu lieu le 31 janvier 2023 \u00e0 Paris.<br>Il \u00e9tait pr\u00e9c\u00e9d\u00e9 la veille, le 30 janvier apr\u00e8s-midi, par le traditionnel Atelier International. <br>Le colloque lan\u00e7ait la prochaine vague d&#8217;accr\u00e9ditation qui concerne les \u00e9coles de l&#8217;acad\u00e9mie de Paris, mais \u00e9tait ouvert \u00e0 l&#8217;ensemble des \u00e9coles et parties prenantes de la CTI. <br>Des informations et les documents relatifs au colloque sont diffus\u00e9s <a href=\"https:\/\/www.cti-commission.fr\/colloque-2024-de-la-cti\/ressources-du-colloque-2023-de-la-cti\">ici<\/a><a href=\"https:\/\/www.cti-commission.fr\/colloque-2023-de-la-cti\">.<\/a><\/p>\n","protected":false},"excerpt":{"rendered":"<p>Le colloque 2023 de la CTI a eu lieu le 31 janvier 2023 \u00e0 Paris.Il \u00e9tait pr\u00e9c\u00e9d\u00e9 la veille, le 30 janvier apr\u00e8s-midi, par le traditionnel Atelier International. Le colloque &hellip; <a href=\"https:\/\/www.cti-commission.fr\/en\/save-the-date-colloque-de-la-cti-31-janvier-2023\" class=\"more-link\">Continue reading<span class=\"screen-reader-text\"> &#8220;Colloque de la CTI, 30 &#038; 31 janvier 2023&#8221;<\/span><\/a><\/p>\n","protected":false},"author":1,"featured_media":13178,"comment_status":"closed","ping_status":"open","sticky":true,"template":"","format":"standard","meta":{"_price":"","_stock":"","_tribe_ticket_header":"","_tribe_default_ticket_provider":"","_tribe_ticket_capacity":"0","_ticket_start_date":"","_ticket_end_date":"","_tribe_ticket_show_description":"","_tribe_ticket_show_not_going":false,"_tribe_ticket_use_global_stock":"","_tribe_ticket_global_stock_level":"","_global_stock_mode":"","_global_stock_cap":"","_tribe_rsvp_for_event":"","_tribe_ticket_going_count":"","_tribe_ticket_not_going_count":"","_tribe_tickets_list":"[]","_tribe_ticket_has_attendee_info_fields":false,"footnotes":""},"categories":[428,14,421],"tags":[],"class_list":["post-12893","post","type-post","status-publish","format-standard","has-post-thumbnail","hentry","category-actualites-accueil","category-communications-evenements","category-evenements-cti"],"translation":{"provider":"WPGlobus","version":"3.0.2","language":"en","enabled_languages":["fr","en"],"languages":{"fr":{"title":true,"content":true,"excerpt":false},"en":{"title":false,"content":false,"excerpt":false}}},"_links":{"self":[{"href":"https:\/\/www.cti-commission.fr\/en\/wp-json\/wp\/v2\/posts\/12893","targetHints":{"allow":["GET"]}}],"collection":[{"href":"https:\/\/www.cti-commission.fr\/en\/wp-json\/wp\/v2\/posts"}],"about":[{"href":"https:\/\/www.cti-commission.fr\/en\/wp-json\/wp\/v2\/types\/post"}],"author":[{"embeddable":true,"href":"https:\/\/www.cti-commission.fr\/en\/wp-json\/wp\/v2\/users\/1"}],"replies":[{"embeddable":true,"href":"https:\/\/www.cti-commission.fr\/en\/wp-json\/wp\/v2\/comments?post=12893"}],"version-history":[{"count":8,"href":"https:\/\/www.cti-commission.fr\/en\/wp-json\/wp\/v2\/posts\/12893\/revisions"}],"predecessor-version":[{"id":15626,"href":"https:\/\/www.cti-commission.fr\/en\/wp-json\/wp\/v2\/posts\/12893\/revisions\/15626"}],"wp:featuredmedia":[{"embeddable":true,"href":"https:\/\/www.cti-commission.fr\/en\/wp-json\/wp\/v2\/media\/13178"}],"wp:attachment":[{"href":"https:\/\/www.cti-commission.fr\/en\/wp-json\/wp\/v2\/media?parent=12893"}],"wp:term":[{"taxonomy":"category","embeddable":true,"href":"https:\/\/www.cti-commission.fr\/en\/wp-json\/wp\/v2\/categories?post=12893"},{"taxonomy":"post_tag","embeddable":true,"href":"https:\/\/www.cti-commission.fr\/en\/wp-json\/wp\/v2\/tags?post=12893"}],"curies":[{"name":"wp","href":"https:\/\/api.w.org\/{rel}","templated":true}]}}