{"id":12023,"date":"2022-01-07T09:15:19","date_gmt":"2022-01-07T08:15:19","guid":{"rendered":"https:\/\/www.cti-commission.fr\/?p=12023"},"modified":"2022-03-18T11:17:15","modified_gmt":"2022-03-18T10:17:15","slug":"les-voeux-de-la-presidente-de-la-cti","status":"publish","type":"post","link":"https:\/\/www.cti-commission.fr\/en\/les-voeux-de-la-presidente-de-la-cti","title":{"rendered":"Les v\u0153ux de la Pr\u00e9sidente de la CTI"},"content":{"rendered":"\n<p>L\u2019ensemble des membres de la CTI, son \u00e9quipe permanente et moi-m\u00eame adressons nos meilleurs v\u0153ux pour l\u2019ann\u00e9e 2022 aux \u00e9coles d\u2019ing\u00e9nieurs et \u00e0 l\u2019ensemble&nbsp;de nos partenaires et parties prenantes, acteurs de l\u2019enseignement sup\u00e9rieur, de l\u2019assurance qualit\u00e9, des m\u00e9tiers et des formations de l\u2019ing\u00e9nieur, des entreprises, des syndicats et associations d\u2019ing\u00e9nieurs.<\/p>\n\n\n\n<p>En cette nouvelle ann\u00e9e, la CTI reste attentive \u00e0 accompagner les \u00e9tablissements, non seulement dans leur d\u00e9marche d\u2019am\u00e9lioration continue, mais \u00e9galement lorsqu\u2019elles doivent faire face \u00e0 des situations complexes telles que la crise sanitaire actuelle. La CTI poursuit l\u2019adaptation permanente de ses modes de fonctionnement, tout en continuant \u00e0 d\u00e9velopper des projets d\u2019avenir.&nbsp;<\/p>\n\n\n\n<p>\u00c0 ce sujet, les processus de la CTI font l\u2019objet d\u2019une \u00e9valuation et optimisation par un prestataire externe depuis l\u2019automne dernier&nbsp;: les conclusions de ce travail seront diffus\u00e9es au printemps 2022 et des \u00e9volutions mises en \u0153uvre dans la foul\u00e9e.&nbsp;<\/p>\n\n\n\n<p>Ci-dessous quelques axes prioritaires de la CTI au cours de cette nouvelle ann\u00e9e.<\/p>\n\n\n\n<h2 class=\"wp-block-heading\">R\u00e9f\u00e9rentiel R&amp;O<\/h2>\n\n\n\n<p>Le r\u00e9f\u00e9rentiel R&amp;O de la CTI fait r\u00e9guli\u00e8rement l\u2019objet d\u2019une r\u00e9vision. La nouvelle version, qui sera diffus\u00e9e lors du colloque de la CTI le 1<sup>er<\/sup>&nbsp;f\u00e9vrier 2022, a donn\u00e9 la priorit\u00e9 \u00e0 la simplification des documents et au renforcement de certains crit\u00e8res en r\u00e9ponse aux \u00e9volutions soci\u00e9tales et au besoin d\u2019adapter&nbsp;en permanence&nbsp;les comp\u00e9tences des ing\u00e9nieurs dipl\u00f4m\u00e9s.<\/p>\n\n\n\n<p>Un travail cons\u00e9quent a ainsi \u00e9t\u00e9 men\u00e9 pour une plus grande int\u00e9gration des enjeux de la Responsabilit\u00e9 Soci\u00e9tale et Environnementale dans les crit\u00e8res d\u2019accr\u00e9ditation.&nbsp;<\/p>\n\n\n\n<p>En plus des enjeux environnementaux, une attention sp\u00e9cifique a \u00e9t\u00e9 port\u00e9e \u00e0 l\u2019\u00e9galit\u00e9 des chances, la diversit\u00e9 et l\u2019inclusion, en alignement avec le nouveau cadre l\u00e9gislatif du Code de l\u2019\u00e9ducation (<a href=\"https:\/\/www.legifrance.gouv.fr\/codes\/article_lc\/LEGIARTI000027747917\/\">Article L642-1<\/a>).&nbsp;<\/p>\n\n\n\n<p>La nouvelle version de R&amp;O est d\u00e9sormais davantage explicite sur ces enjeux, dans la continuit\u00e9 des actions men\u00e9es de longue date par la CTI sur les enjeux d\u2019accessibilit\u00e9 de publics diversifi\u00e9s, emp\u00each\u00e9s, en situation de handicap, ou encore de pr\u00e9vention des discriminations.&nbsp;<\/p>\n\n\n\n<p>La CTI se r\u00e9jouit de l\u2019accueil positif du r\u00e9f\u00e9rentiel par de nombreuses parties prenantes. Le nouveau r\u00e9f\u00e9rentiel est per\u00e7u par ces derni\u00e8res comme qualitatif et faisant preuve de clarifications sur de nombreux aspects. Le renforcement des enjeux environnementaux et soci\u00e9taux a notamment \u00e9t\u00e9 salu\u00e9.&nbsp;<\/p>\n\n\n\n<h2 class=\"wp-block-heading\">Veille, analyses th\u00e9matiques et \u00e9volution continue<\/h2>\n\n\n\n<p>Gr\u00e2ce \u00e0 l\u2019expertise et au travail de ses membres, charg\u00e9s de mission et \u00e9quipe permanente qui contribuent aux nombreux groupes de travail th\u00e9matiques, la CTI est en mesure de se saisir de tous les sujets en lien avec les besoins du monde socio-\u00e9conomique, les m\u00e9tiers et les formations de l\u2019ing\u00e9nieur et leur \u00e9valuation et d\u2019adapter en permanence ses r\u00e9f\u00e9rences et orientations.&nbsp;Parmi les groupes de travail r\u00e9cents, citons notamment&nbsp;:&nbsp;responsabilit\u00e9 soci\u00e9tale et environnementale, inclusion, assurance qualit\u00e9, d\u00e9marche comp\u00e9tences, alternance, taux d\u2019encadrement, r\u00e9f\u00e9rentiel Bachelor en Sciences et Ing\u00e9nierie\u2026<\/p>\n\n\n\n<p>Ce dynamisme se poursuivra en 2022 dans la continuit\u00e9 du travail collaboratif avec ses partenaires.<\/p>\n\n\n\n<h2 class=\"wp-block-heading\">D\u00e9marche partenariale<\/h2>\n\n\n\n<p>La CTI se f\u00e9licite des collaborations men\u00e9es depuis de nombreuses ann\u00e9es, et notamment en 2021, qu\u2019elle souhaite poursuivre en 2022 ; citons \u00e0 titre d\u2019exemple :<\/p>\n\n\n\n<ul class=\"wp-block-list\"><li><a href=\"https:\/\/www.cti-commission.fr\/evaluation-des-formations-conferant-le-grade-de-licence-bachelors-autres-diplomes-une-concertation-hceres-cti-cefdg-fructueuse-pour-une-coordination-des-processus\">Travail de concertation avec la&nbsp;<\/a><strong><a href=\"https:\/\/www.cti-commission.fr\/evaluation-des-formations-conferant-le-grade-de-licence-bachelors-autres-diplomes-une-concertation-hceres-cti-cefdg-fructueuse-pour-une-coordination-des-processus\">CEFDG<\/a><\/strong><a href=\"https:\/\/www.cti-commission.fr\/evaluation-des-formations-conferant-le-grade-de-licence-bachelors-autres-diplomes-une-concertation-hceres-cti-cefdg-fructueuse-pour-une-coordination-des-processus\">&nbsp;et le&nbsp;<\/a><strong><a href=\"https:\/\/www.cti-commission.fr\/evaluation-des-formations-conferant-le-grade-de-licence-bachelors-autres-diplomes-une-concertation-hceres-cti-cefdg-fructueuse-pour-une-coordination-des-processus\">Hc\u00e9res<\/a><\/strong>&nbsp;afin de v\u00e9rifier la coh\u00e9rence du niveau d\u2019exigence des crit\u00e8res pour l\u2019attribution du grade de licence aux formations de bachelor et mise en place d\u2019une Commission mixte CEFDG\/CTI pour l\u2019\u00e9valuation des bachelor hybrides en ing\u00e9nierie et management&nbsp;;<\/li><li>Comparaison et analyse de convergence des r\u00e9f\u00e9rentiels de la CTI et du Hc\u00e9res avec le R\u00e9f\u00e9rentiel National Qualit\u00e9 sous l\u2019\u00e9gide de&nbsp;<strong>France Comp\u00e9tences<\/strong>&nbsp;et prise en compte de l\u2019ensemble des crit\u00e8res du label&nbsp;<strong>Qualiopi<\/strong>&nbsp;dans les r\u00e9f\u00e9rentiels des deux agences ce qui permet aux \u00e9coles accr\u00e9dit\u00e9es d\u2019\u00eatre r\u00e9put\u00e9es satisfaire l\u2019obligation de certification qualit\u00e9 pr\u00e9vue par la loi du 5 septembre 2018 et de b\u00e9n\u00e9ficier de financements pour la mise en \u0153uvre de formations continue et apprentissage&nbsp;;<\/li><li>Promotion et d\u00e9veloppement dans les \u00e9coles d\u2019ing\u00e9nieurs des enseignements en sant\u00e9 et s\u00e9curit\u00e9 au travail gr\u00e2ce \u00e0 une action commune de la&nbsp;<strong>CDEFI<\/strong>, CTI et l\u2019<strong>INRS<\/strong>&nbsp;et <a href=\"https:\/\/www.inrs.fr\/actualites\/enseignements-sante-securite-travail-ecoles-ingenieurs.html\">publication d\u2019un panorama conjoint en avril 2021<\/a>&nbsp;;<\/li><li>Contribution de la CTI au COPIL du Label Bienvenue en France de&nbsp;<strong>Campus France<\/strong>&nbsp;; au Comit\u00e9 d\u2019orientation du Label Qualit\u00e9 FLE de&nbsp;<strong>France Education International<\/strong>&nbsp;; au Comit\u00e9 consultatif op\u00e9rationnel relatif \u00e0 l\u2019enseignement sup\u00e9rieur d\u2019<strong>Expertise France<\/strong>&nbsp;; \u00e0 l\u2019op\u00e9ration&nbsp;<strong>Ing\u00e9nieuses<\/strong>&nbsp;de la&nbsp;<strong>CDEFI<\/strong>&nbsp;; aux&nbsp;<strong>Journ\u00e9es Nationales de l\u2019Ing\u00e9nieur<\/strong>&nbsp;de l\u2019<strong>IESF<\/strong>\u2026\u2026<\/li><li>Participation aux r\u00e9unions des parties prenantes fran\u00e7aises du processus de Bologne de la D\u00e9l\u00e9gation aux affaires europ\u00e9ennes et internationales (<strong>DAEI<\/strong>) du&nbsp;<strong>MESRI<\/strong>&nbsp;et repr\u00e9sentation de la France au niveau europ\u00e9en au sein du \u00ab&nbsp;<strong>Thematic Peer Group on Quality Assurance<\/strong>&nbsp;\u00bb du \u00ab&nbsp;Bologna implementation coordination group \u00bb&nbsp;;<\/li><li><a href=\"https:\/\/www.cti-commission.fr\/international\/travaux-et-projets-hors-eees\/emori-programme-dappui-a-leducation-la-mobilite-la-recherche-et-linnovation-en-faveur-de-la-tunisie\">Programme&nbsp;<\/a><strong><a href=\"https:\/\/www.cti-commission.fr\/international\/travaux-et-projets-hors-eees\/emori-programme-dappui-a-leducation-la-mobilite-la-recherche-et-linnovation-en-faveur-de-la-tunisie\">EMORI<\/a>,<\/strong>&nbsp;appel d\u2019offre de la Commission Europ\u00e9enne remport\u00e9 par le consortium&nbsp;fran\u00e7ais CTI, France Education International, Hc\u00e9res, Sofreco, visant \u00e0 accompagner la cr\u00e9ation d\u2019une nouvelle agence d\u2019\u00e9valuation et d\u2019accr\u00e9ditation en Tunisie&nbsp;;<\/li><li><strong><a href=\"https:\/\/www.cti-commission.fr\/international\/travaux-et-projets-hors-eees\/projet-de-jumelage-leger-france-maroc-renforcement-de-lagence-nationale-devaluation-et-dassurance-qualite-de-lenseignement-superieur-et-la-recherch\">Jumelage l\u00e9ger France-Maroc<\/a><\/strong>, autre appel d\u2019offre de la Commission Europ\u00e9enne remport\u00e9 par le consortium fran\u00e7ais CTI, France Education International, Hc\u00e9res dont l\u2019objet est d\u2019accompagner l\u2019agence marocaine ANEAQ dans la mont\u00e9e en puissance de sa d\u00e9marche qualit\u00e9 selon les r\u00e9f\u00e9rences internationales&nbsp;;<\/li><li>Coop\u00e9rations internationales et \u00e9changes de bonnes pratiques au sein de&nbsp;<strong>projets ERASMUS+<\/strong>(MEDACCR et DEQAR CONNECT)&nbsp;; d\u2019associations europ\u00e9ennes&nbsp;<strong>ECA, FrAQ-Sup, ENQA<\/strong>&nbsp;et du registre&nbsp;<strong>EQAR<\/strong>\u2026<\/li><li>Cette nouvelle ann\u00e9e verra aussi le renforcement de l\u2019implication de la CTI au niveau des instances de gouvernance internationales, avec <a href=\"https:\/\/www.cti-commission.fr\/elisabeth-crepon-rejoint-le-conseil-dadministration-deanee\">sa p<\/a><a href=\"http:\/\/elisabeth-crepon-rejoint-le-conseil-dadministration-denaee\">articipation <\/a><a href=\"https:\/\/www.cti-commission.fr\/elisabeth-crepon-rejoint-le-conseil-dadministration-deanee\">au conseil d\u2019administration d\u2019<\/a><strong><a href=\"https:\/\/www.cti-commission.fr\/elisabeth-crepon-rejoint-le-conseil-dadministration-deanee\">ENAEE<\/a><\/strong><a href=\"https:\/\/www.cti-commission.fr\/elisabeth-crepon-rejoint-le-conseil-dadministration-deanee\">&nbsp;(label europ\u00e9en&nbsp;<\/a><strong><a href=\"https:\/\/www.cti-commission.fr\/elisabeth-crepon-rejoint-le-conseil-dadministration-deanee\">EUR-ACE\u00a9<\/a><\/strong><a href=\"https:\/\/www.cti-commission.fr\/elisabeth-crepon-rejoint-le-conseil-dadministration-deanee\">)<\/a>.<\/li><\/ul>\n\n\n\n<h2 class=\"wp-block-heading\">Programmation des campagnes d\u2019audits 2021-2022 et 2022-2023<\/h2>\n\n\n\n<p>La CTI tient \u00e0 souligner le dynamisme des \u00e9coles d\u2019ing\u00e9nieurs dans leurs projets de cr\u00e9ation de nouveaux sites, y compris \u00e0 l\u2019\u00e9tranger, et de nouvelles formations, notamment par la voie de l\u2019apprentissage qui r\u00e9pondent \u00e0 un r\u00e9el besoin des entreprises et permettent de diversifier les profils des jeunes admis en formations d\u2019ing\u00e9nieurs. Pour la CTI, cela se traduit par une programmation particuli\u00e8rement dense impliquant un travail renforc\u00e9 de ses membres, experts et de son \u00e9quipe permanente.&nbsp;<\/p>\n\n\n\n<p>Enfin, face aux demandes croissantes d\u2019audits internationaux et le report en 2020 de certaines missions dans un contexte de pand\u00e9mie, la CTI est plus mobilis\u00e9e que jamais pour y r\u00e9pondre avec qualit\u00e9 et dynamisme.&nbsp;<\/p>\n\n\n\n<p>Compte tenu de tous ces \u00e9l\u00e9ments, la campagne d\u2019accr\u00e9ditation 2021-2022 reste charg\u00e9e malgr\u00e9 le report d\u2019un an des audits p\u00e9riodiques de la vague C. La campagne 2022-2023 dont la programmation sera publi\u00e9e \u00e0 l\u2019occasion du colloque du 1<sup>er<\/sup>&nbsp;f\u00e9vrier 2022, est particuli\u00e8rement importante.<\/p>\n\n\n\n<p>Nous concluons ces v\u0153ux en remerciant tr\u00e8s chaleureusement&nbsp;&nbsp;l\u2019ensemble de nos parties prenantes&nbsp;: les \u00e9coles d\u2019ing\u00e9nieurs et les conf\u00e9rences repr\u00e9sentatives&nbsp;; les mandataires des membres de la CTI (CDEFI, UGEI, IESF, MEDEF, CPME, U2P, CFE-CGC, CFDT Cadres, UGIC-CGT, FO Cadres, CFTC Cadres)&nbsp;; les minist\u00e8res de tutelle des \u00e9coles (enseignement sup\u00e9rieur, recherche et innovation&nbsp;; agriculture et alimentation&nbsp;; arm\u00e9es&nbsp;; \u00e9conomie, finances et relance&nbsp;; transition \u00e9cologique et solidaire&nbsp;)&nbsp;; les \u00e9l\u00e8ves ing\u00e9nieurs et le BNEI&nbsp;; les autres instances nationales d\u2019\u00e9valuation (CEFDG et Hc\u00e9res)&nbsp;; les partenaires fran\u00e7ais (DAEI, Campus France, France Comp\u00e9tences, France Education International, IESF, INRS\u2026) , les partenaires europ\u00e9ens et internationaux (agences, r\u00e9seaux, organisations professionnelles et ordres des ing\u00e9nieurs\u2026)\u2026<\/p>\n\n\n\n<p>Les membres de la CTI et l\u2019\u00e9quipe permanente vous donnent rendez-vous en distanciel \u00e0 l\u2019occasion du <a href=\"https:\/\/www.cti-commission.fr\/colloque-2022-de-la-cti\">colloque du 1<\/a><sup><a href=\"https:\/\/www.cti-commission.fr\/colloque-2022-de-la-cti\">er<\/a><\/sup><a href=\"https:\/\/www.cti-commission.fr\/colloque-2022-de-la-cti\">&nbsp;f\u00e9vrier 2022<\/a>, et d\u00e8s la veille le 31 janvier, pour son traditionnel atelier international, qui a une connotation r\u00e9solument europ\u00e9enne cette ann\u00e9e et est labellis\u00e9 PFUE22 &#8220;pr\u00e9sidence fran\u00e7aise du Conseil de l&#8217;UE 2022&#8221; par le gouvernement fran\u00e7ais.<\/p>\n\n\n\n<p>Meilleurs v\u0153ux&nbsp;!&nbsp;<\/p>\n\n\n\n<p>Elisabeth Cr\u00e9pon, Pr\u00e9sidente de la CTI<\/p>\n","protected":false},"excerpt":{"rendered":"<p>L\u2019ensemble des membres de la CTI, son \u00e9quipe permanente et moi-m\u00eame adressons nos meilleurs v\u0153ux pour l\u2019ann\u00e9e 2022 aux \u00e9coles d\u2019ing\u00e9nieurs et \u00e0 l\u2019ensemble&nbsp;de nos partenaires et parties prenantes, acteurs &hellip; <a href=\"https:\/\/www.cti-commission.fr\/en\/les-voeux-de-la-presidente-de-la-cti\" class=\"more-link\">Continue reading<span class=\"screen-reader-text\"> &#8220;Les v\u0153ux de la Pr\u00e9sidente de la CTI&#8221;<\/span><\/a><\/p>\n","protected":false},"author":1,"featured_media":12025,"comment_status":"closed","ping_status":"open","sticky":false,"template":"","format":"standard","meta":{"_price":"","_stock":"","_tribe_ticket_header":"","_tribe_default_ticket_provider":"","_tribe_ticket_capacity":"0","_ticket_start_date":"","_ticket_end_date":"","_tribe_ticket_show_description":"","_tribe_ticket_show_not_going":false,"_tribe_ticket_use_global_stock":"","_tribe_ticket_global_stock_level":"","_global_stock_mode":"","_global_stock_cap":"","_tribe_rsvp_for_event":"","_tribe_ticket_going_count":"","_tribe_ticket_not_going_count":"","_tribe_tickets_list":"[]","_tribe_ticket_has_attendee_info_fields":false,"footnotes":""},"categories":[14,12],"tags":[],"class_list":["post-12023","post","type-post","status-publish","format-standard","has-post-thumbnail","hentry","category-communications-evenements","category-actualites"],"translation":{"provider":"WPGlobus","version":"3.0.2","language":"en","enabled_languages":["fr","en"],"languages":{"fr":{"title":true,"content":true,"excerpt":false},"en":{"title":false,"content":false,"excerpt":false}}},"_links":{"self":[{"href":"https:\/\/www.cti-commission.fr\/en\/wp-json\/wp\/v2\/posts\/12023","targetHints":{"allow":["GET"]}}],"collection":[{"href":"https:\/\/www.cti-commission.fr\/en\/wp-json\/wp\/v2\/posts"}],"about":[{"href":"https:\/\/www.cti-commission.fr\/en\/wp-json\/wp\/v2\/types\/post"}],"author":[{"embeddable":true,"href":"https:\/\/www.cti-commission.fr\/en\/wp-json\/wp\/v2\/users\/1"}],"replies":[{"embeddable":true,"href":"https:\/\/www.cti-commission.fr\/en\/wp-json\/wp\/v2\/comments?post=12023"}],"version-history":[{"count":3,"href":"https:\/\/www.cti-commission.fr\/en\/wp-json\/wp\/v2\/posts\/12023\/revisions"}],"predecessor-version":[{"id":12352,"href":"https:\/\/www.cti-commission.fr\/en\/wp-json\/wp\/v2\/posts\/12023\/revisions\/12352"}],"wp:featuredmedia":[{"embeddable":true,"href":"https:\/\/www.cti-commission.fr\/en\/wp-json\/wp\/v2\/media\/12025"}],"wp:attachment":[{"href":"https:\/\/www.cti-commission.fr\/en\/wp-json\/wp\/v2\/media?parent=12023"}],"wp:term":[{"taxonomy":"category","embeddable":true,"href":"https:\/\/www.cti-commission.fr\/en\/wp-json\/wp\/v2\/categories?post=12023"},{"taxonomy":"post_tag","embeddable":true,"href":"https:\/\/www.cti-commission.fr\/en\/wp-json\/wp\/v2\/tags?post=12023"}],"curies":[{"name":"wp","href":"https:\/\/api.w.org\/{rel}","templated":true}]}}