{"id":1175,"date":"2008-06-30T17:26:55","date_gmt":"2008-06-30T15:26:55","guid":{"rendered":"https:\/\/www.cti-commission.fr\/2008\/06\/30\/seance-pleniere-du-1er-avril-2008"},"modified":"2008-06-30T17:26:55","modified_gmt":"2008-06-30T15:26:55","slug":"seance-pleniere-du-1er-avril-2008","status":"publish","type":"post","link":"https:\/\/www.cti-commission.fr\/en\/seance-pleniere-du-1er-avril-2008","title":{"rendered":"S\u00e9ance pl\u00e9ni\u00e8re du 1er avril 2008"},"content":{"rendered":"<p>Lors de sa r\u00e9union pl\u00e9ni\u00e8re, la Commission a en particulier<br \/>\n<br \/>&nbsp;entendu une communication du Pr\u00e9sident, suite \u00e0 sa rencontre avec le Directeur g\u00e9n\u00e9ral de l\u2019enseignement sup\u00e9rieur.<br \/>\n<br \/>&nbsp;assist\u00e9 \u00e0 la pr\u00e9sentation, par Renaud BALAGUER, du futur site internet de la Commission.<br \/>\n<br \/>&nbsp;mis en place le groupe de travail Qualit\u00e9 interne.<br \/>\n<br \/>&nbsp;entendu une communication de Jacques BERANGER qui propose d\u2019engager rapidement une r\u00e9flexion sur l\u2019\u00e9volution des documents R\u00e9f\u00e9rences et orientations, Cahier compl\u00e9mentaire et Guide d\u2019auto-\u00e9valuation.<br \/>\n<br \/>&nbsp;donn\u00e9 les avis et pris les d\u00e9cisions d\u2019habilitation<\/p>\n<p>Le compte-rendu complet (mis \u00e0 jour sur le site le 4 juillet) peut \u00eatre t\u00e9l\u00e9charg\u00e9.<\/p>\n","protected":false},"excerpt":{"rendered":"<p>La Commission s\u2019est r\u00e9unie le 1er avril 2008.<\/p>\n","protected":false},"author":8,"featured_media":0,"comment_status":"closed","ping_status":"open","sticky":false,"template":"","format":"standard","meta":{"_price":"","_stock":"","_tribe_ticket_header":"","_tribe_default_ticket_provider":"","_tribe_ticket_capacity":"0","_ticket_start_date":"","_ticket_end_date":"","_tribe_ticket_show_description":"","_tribe_ticket_show_not_going":false,"_tribe_ticket_use_global_stock":"","_tribe_ticket_global_stock_level":"","_global_stock_mode":"","_global_stock_cap":"","_tribe_rsvp_for_event":"","_tribe_ticket_going_count":"","_tribe_ticket_not_going_count":"","_tribe_tickets_list":"[]","_tribe_ticket_has_attendee_info_fields":false,"footnotes":""},"categories":[19],"tags":[],"class_list":["post-1175","post","type-post","status-publish","format-standard","hentry","category-assemblees-plenieres-releves-de-conclusions-avis-et-decisions-concernant-les-formations"],"translation":{"provider":"WPGlobus","version":"3.0.2","language":"en","enabled_languages":["fr","en"],"languages":{"fr":{"title":true,"content":true,"excerpt":true},"en":{"title":false,"content":false,"excerpt":false}}},"_links":{"self":[{"href":"https:\/\/www.cti-commission.fr\/en\/wp-json\/wp\/v2\/posts\/1175","targetHints":{"allow":["GET"]}}],"collection":[{"href":"https:\/\/www.cti-commission.fr\/en\/wp-json\/wp\/v2\/posts"}],"about":[{"href":"https:\/\/www.cti-commission.fr\/en\/wp-json\/wp\/v2\/types\/post"}],"author":[{"embeddable":true,"href":"https:\/\/www.cti-commission.fr\/en\/wp-json\/wp\/v2\/users\/8"}],"replies":[{"embeddable":true,"href":"https:\/\/www.cti-commission.fr\/en\/wp-json\/wp\/v2\/comments?post=1175"}],"version-history":[{"count":0,"href":"https:\/\/www.cti-commission.fr\/en\/wp-json\/wp\/v2\/posts\/1175\/revisions"}],"wp:attachment":[{"href":"https:\/\/www.cti-commission.fr\/en\/wp-json\/wp\/v2\/media?parent=1175"}],"wp:term":[{"taxonomy":"category","embeddable":true,"href":"https:\/\/www.cti-commission.fr\/en\/wp-json\/wp\/v2\/categories?post=1175"},{"taxonomy":"post_tag","embeddable":true,"href":"https:\/\/www.cti-commission.fr\/en\/wp-json\/wp\/v2\/tags?post=1175"}],"curies":[{"name":"wp","href":"https:\/\/api.w.org\/{rel}","templated":true}]}}