{"id":11658,"date":"2021-07-12T12:07:41","date_gmt":"2021-07-12T10:07:41","guid":{"rendered":"https:\/\/www.cti-commission.fr\/?p=11658"},"modified":"2021-10-05T12:11:21","modified_gmt":"2021-10-05T10:11:21","slug":"election-dun-nouveau-vice-president-de-la-cti","status":"publish","type":"post","link":"https:\/\/www.cti-commission.fr\/en\/election-dun-nouveau-vice-president-de-la-cti","title":{"rendered":"\u00c9lection d\u2019un nouveau vice-pr\u00e9sident de la CTI"},"content":{"rendered":"\n<p><em>Paris, le 12 juillet 2021<\/em><\/p>\n\n\n\n<p>Lors&nbsp;&nbsp;de la&nbsp;&nbsp;s\u00e9ance pl\u00e9ni\u00e8re du 6 juillet 2021, la&nbsp;<em>Commission des titres d\u2019ing\u00e9nieur<\/em>&nbsp;a \u00e9lu un nouveau vice-pr\u00e9sident suite au d\u00e9part d\u2019Anne de CAGNY, dont le mandat de membre et vice-pr\u00e9sidente de la CTI a pris fin r\u00e9cemment suite \u00e0 un changement d\u2019employeur.<\/p>\n\n\n\n<p>La Commission se f\u00e9licite de l\u2019\u00e9lection de Fabrice LOSSON pour la dur\u00e9e du mandat restant \u00e0 courir, c\u2019est-\u00e0-dire jusqu\u2019au 30 juin 2022.<\/p>\n\n\n\n<p>Apr\u00e8s un mandat d\u2019expert de la CTI de 2018 \u00e0 2020, Fabrice LOSSON est devenu membre du coll\u00e8ge socio-\u00e9conomique de la CTI en 2020. De formation ing\u00e9nieur (Ecole des Ponts promotion 1990), il \u00e9volue depuis 1991 dans le monde des entreprises de services du num\u00e9rique (Unilog, Logica, Sopra Group puis Sopra Steria). Depuis 2016, il occupe le poste de directeur des relations avec l&#8217;enseignement sup\u00e9rieur \u00e0 Sopra Steria.<\/p>\n\n\n\n<p>Son parcours professionnel lui a permis d\u2019allier des responsabilit\u00e9s dans des unit\u00e9s op\u00e9rationnelles (notamment le pilotage de projets structurants de digitalisation de syst\u00e8mes d\u2019information clients) \u00e0 une forte implication sur des th\u00e9matiques internes de ressources humaines et de recrutement de jeunes dipl\u00f4m\u00e9s. Il a par la suite pris la responsabilit\u00e9 directe de sujets de recrutement et plus particuli\u00e8rement des relations avec l\u2019enseignement sup\u00e9rieur dans des mod\u00e8les d\u2019entreprise tr\u00e8s focalis\u00e9s sur l\u2019interaction avec les jeunes dipl\u00f4m\u00e9s \u00e0 niveau Bac+5.<\/p>\n\n\n\n<p>Dans sa profession de foi de candidat \u00e0 la vice-pr\u00e9sidence, Fabrice LOSSON a soulign\u00e9 que depuis plus de dix ans il a \u00e0 c\u0153ur d\u2019appr\u00e9hender les enjeux de l\u2019\u00e9cosyst\u00e8me de l\u2019enseignement sup\u00e9rieur, d\u2019y apporter sa connaissance du monde de l\u2019entreprise et d\u2019interagir avec l\u2019ensemble des \u00e9quipes de direction des \u00e9tablissements de l\u2019enseignement sup\u00e9rieur afin de r\u00e9pondre au mieux aux attentes communes de tous les acteurs.<\/p>\n\n\n\n<p>C\u2019est dans ce contexte qu\u2019il a exprim\u00e9 son int\u00e9r\u00eat pour les travaux de la CTI dont il est devenu expert puis membre.<\/p>\n\n\n\n<p>Fabrice LOSSON estime que le monde de l\u2019enseignement sup\u00e9rieur est en constante \u00e9volution et les mutations en cours et \u00e0 venir continueront \u00e0 \u00eatre extr\u00eamement structurantes. Les \u00e9coles d\u2019ing\u00e9nieurs fran\u00e7aises devront savoir n\u00e9gocier au mieux ces d\u00e9fis tout en pr\u00e9servant les sp\u00e9cificit\u00e9s qui font leur excellence y compris \u00e0 l\u2019\u00e9chelon international.<\/p>\n\n\n\n<p>Leur ouverture au monde de l\u2019entreprise et les apports mutuels qui en d\u00e9coulent doivent \u00e9galement faire l\u2019objet de toutes les attentions, que ce soit en mati\u00e8re d\u2019\u00e9volution des m\u00e9tiers, d\u2019attendus en termes de comp\u00e9tences (qu\u2019elles soient techniques, humaines ou comportementales) ou encore de modalit\u00e9s de parcours, notamment \u00e0 travers le d\u00e9veloppement de l\u2019apprentissage.<\/p>\n\n\n\n<p>Le nouveau vice-pr\u00e9sident de la CTI fra\u00eechement \u00e9lu a assur\u00e9 ses coll\u00e8gues de sa pleine et enti\u00e8re mobilisation pour une contribution constructive aux enjeux et missions inh\u00e9rents \u00e0 son nouveau r\u00f4le, dans l\u2019int\u00e9r\u00eat g\u00e9n\u00e9ral de la CTI et de son \u00e9cosyst\u00e8me.<\/p>\n\n\n\n<p>Rappelons que l\u2019\u00e9quipe pr\u00e9sidence est compos\u00e9e de trois membres de la CTI, \u00e9lus par leurs pairs&nbsp;:<\/p>\n\n\n\n<p>Elisabeth CR\u00c9PON, pr\u00e9sidente, Jean-Louis ALLARD, vice-pr\u00e9sident et -depuis le 6 juillet 2021- Fabrice LOSSON, vice-pr\u00e9sident.<strong><br><\/strong><\/p>\n\n\n\n<hr class=\"wp-block-separator\"\/>\n\n\n\n<p><strong>\u00c0 propos de la CTI<\/strong><\/p>\n\n\n\n<p>La CTI est un organisme paritaire ind\u00e9pendant, charg\u00e9 par la loi fran\u00e7aise depuis 1934 d\u2019\u00e9valuer toutes les formations d\u2019ing\u00e9nieurs en France et sur demande \u00e0 l\u2019\u00e9tranger en vue de leur accr\u00e9ditation, de d\u00e9velopper la qualit\u00e9 des formations, de promouvoir le titre et le m\u00e9tier d\u2019ing\u00e9nieur en France et \u00e0 l\u2019\u00e9tranger. La CTI \u00e9value \u00e9galement les formations de bachelor des \u00e9coles d\u2019ing\u00e9nieurs en vue de l\u2019attribution du grade de licence et d\u00e9cerne des labels qualit\u00e9 europ\u00e9ens aux formations d\u2019ing\u00e9nieurs (EUR-ACE\u00a9, CeQuInt).<\/p>\n\n\n\n<p>Site internet :&nbsp;<a href=\"http:\/\/www.cti.fr\/\">www.cti.fr<\/a>&nbsp;&#8211;<a href=\"https:\/\/fr.linkedin.com\/company\/commission-des-titres-d-ing\u00e9nieur\ufeff\">LinkedIn<\/a><\/p>\n\n\n\n<p>Contacts presse&nbsp;:&nbsp;<a href=\"mailto:relations.presse@cti-commission.fr\">relations.presse@cti-commission.fr<\/a><\/p>\n","protected":false},"excerpt":{"rendered":"<p>Paris, le 12 juillet 2021 Lors&nbsp;&nbsp;de la&nbsp;&nbsp;s\u00e9ance pl\u00e9ni\u00e8re du 6 juillet 2021, la&nbsp;Commission des titres d\u2019ing\u00e9nieur&nbsp;a \u00e9lu un nouveau vice-pr\u00e9sident suite au d\u00e9part d\u2019Anne de CAGNY, dont le mandat de &hellip; <a href=\"https:\/\/www.cti-commission.fr\/en\/election-dun-nouveau-vice-president-de-la-cti\" class=\"more-link\">Continue reading<span class=\"screen-reader-text\"> &#8220;\u00c9lection d\u2019un nouveau vice-pr\u00e9sident de la CTI&#8221;<\/span><\/a><\/p>\n","protected":false},"author":1,"featured_media":0,"comment_status":"closed","ping_status":"open","sticky":false,"template":"","format":"standard","meta":{"_price":"","_stock":"","_tribe_ticket_header":"","_tribe_default_ticket_provider":"","_tribe_ticket_capacity":"0","_ticket_start_date":"","_ticket_end_date":"","_tribe_ticket_show_description":"","_tribe_ticket_show_not_going":false,"_tribe_ticket_use_global_stock":"","_tribe_ticket_global_stock_level":"","_global_stock_mode":"","_global_stock_cap":"","_tribe_rsvp_for_event":"","_tribe_ticket_going_count":"","_tribe_ticket_not_going_count":"","_tribe_tickets_list":"[]","_tribe_ticket_has_attendee_info_fields":false,"footnotes":""},"categories":[416],"tags":[],"class_list":["post-11658","post","type-post","status-publish","format-standard","hentry","category-communiques-de-presse"],"translation":{"provider":"WPGlobus","version":"3.0.2","language":"en","enabled_languages":["fr","en"],"languages":{"fr":{"title":true,"content":true,"excerpt":false},"en":{"title":false,"content":false,"excerpt":false}}},"_links":{"self":[{"href":"https:\/\/www.cti-commission.fr\/en\/wp-json\/wp\/v2\/posts\/11658","targetHints":{"allow":["GET"]}}],"collection":[{"href":"https:\/\/www.cti-commission.fr\/en\/wp-json\/wp\/v2\/posts"}],"about":[{"href":"https:\/\/www.cti-commission.fr\/en\/wp-json\/wp\/v2\/types\/post"}],"author":[{"embeddable":true,"href":"https:\/\/www.cti-commission.fr\/en\/wp-json\/wp\/v2\/users\/1"}],"replies":[{"embeddable":true,"href":"https:\/\/www.cti-commission.fr\/en\/wp-json\/wp\/v2\/comments?post=11658"}],"version-history":[{"count":2,"href":"https:\/\/www.cti-commission.fr\/en\/wp-json\/wp\/v2\/posts\/11658\/revisions"}],"predecessor-version":[{"id":11661,"href":"https:\/\/www.cti-commission.fr\/en\/wp-json\/wp\/v2\/posts\/11658\/revisions\/11661"}],"wp:attachment":[{"href":"https:\/\/www.cti-commission.fr\/en\/wp-json\/wp\/v2\/media?parent=11658"}],"wp:term":[{"taxonomy":"category","embeddable":true,"href":"https:\/\/www.cti-commission.fr\/en\/wp-json\/wp\/v2\/categories?post=11658"},{"taxonomy":"post_tag","embeddable":true,"href":"https:\/\/www.cti-commission.fr\/en\/wp-json\/wp\/v2\/tags?post=11658"}],"curies":[{"name":"wp","href":"https:\/\/api.w.org\/{rel}","templated":true}]}}